{"id":7154,"date":"2021-03-10T17:40:23","date_gmt":"2021-03-10T17:40:23","guid":{"rendered":"http:\/\/www.calas-welt.de\/?p=7154"},"modified":"2021-03-10T17:40:23","modified_gmt":"2021-03-10T17:40:23","slug":"hoer-buchempfehlung-victoria-mas-die-tanzenden","status":"publish","type":"post","link":"http:\/\/www.calas-welt.de\/?p=7154","title":{"rendered":"(H\u00f6r-)Buchempfehlung: Victoria Mas, Die Tanzenden"},"content":{"rendered":"<p>Werbung wegen Kooperation mit Osterwold audio<br \/>\n<a href=\"http:\/\/www.calas-welt.de\/wp-content\/uploads\/2021\/03\/Bildschirmfoto-2021-03-10-um-17.26.29.png\"><img loading=\"lazy\" decoding=\"async\" class=\"alignnone  wp-image-7155\" src=\"http:\/\/www.calas-welt.de\/wp-content\/uploads\/2021\/03\/Bildschirmfoto-2021-03-10-um-17.26.29.png\" alt=\"\" width=\"390\" height=\"382\" srcset=\"http:\/\/www.calas-welt.de\/wp-content\/uploads\/2021\/03\/Bildschirmfoto-2021-03-10-um-17.26.29.png 498w, http:\/\/www.calas-welt.de\/wp-content\/uploads\/2021\/03\/Bildschirmfoto-2021-03-10-um-17.26.29-300x294.png 300w\" sizes=\"auto, (max-width: 390px) 100vw, 390px\" \/><\/a><\/p>\n<p>Als \u201eNachklang\u201c zu Weltfrauentag m\u00f6chte ich dieses wunderbare (H\u00f6r-)Buch empfehlen.<\/p>\n<p>Ich denke, wir Frauen sollten uns durchaus immer mal wieder bewusst machen, dass es gar nicht so lange her ist, dass wir praktisch keinerlei Rechte hatten und existentiell abh\u00e4ngig waren von dem Wohlwollen der M\u00e4nner in unserer unmittelbaren Umgebung (V\u00e4ter, Ehem\u00e4nner, Br\u00fcder).<\/p>\n<p>\u201eDie Tanzenden\u201c ist ein preisgekr\u00f6nter Bestseller von Victoria Mas, der im vorliegenden H\u00f6rbuch ungek\u00fcrzt hervorragend gelesen wird von der Schauspielerin Wiebke Puls.<br \/>\n438 Minuten reines H\u00f6rvergn\u00fcgen&#8230;<\/p>\n<p>Wie viele andere Frauen, die nicht in das von M\u00e4nnern gepr\u00e4gte Bild passten, landet auch Eug\u00e9nie im M\u00e4rz 1885 in der Salp\u00eatri\u00e8re, der ber\u00fchmten psychiatrischen Anstalt von Paris, wohin man gerne auch Frauen \u201ewegdekorierte\u201c, die man daheim &#8211; aus welchen Gr\u00fcnden auch immer &#8211; nicht mehr haben wollte. In vielen F\u00e4llen waren diese Frauen weder geistig noch k\u00f6rperlich krank, sondern erf\u00fcllten einfach nicht die g\u00e4ngigen Klischees und Erwartungen der Gesellschaft. Andere sind Opfer von m\u00e4nnlicher Gewalt, die man &#8211; statt die M\u00e4nner zu Rechenschaft zu ziehen &#8211; einfach in eine Anstalt wegsperrte, wo sie dann wieder Opfer von M\u00e4nnergewalt wurden &#8211; diesmal\u00a0 in Form von medizinischen Experimenten, die man an den &#8222;hysterischen&#8220; Frauen vollzog.<\/p>\n<p>Victoria Mas erz\u00e4hlt von einigen wenigen Tage in der Salp\u00eatri\u00e8re und gibt uns einen Einblick in diese Frauenwelt. Die Erz\u00e4hlung ist sprachlich sch\u00f6n, sehr weiblich, spannend und klug komponiert. Die fiktive Geschichte orientiert sich dabei an historischen Fakten (z.B. hat es das \u201eBuch der Geister\u201c, das Eugenie zum Verh\u00e4ngnis wird, tats\u00e4chlich gegeben).<\/p>\n<p>Neben aller Erleichterung dar\u00fcber, dass wir heute als Frauen ein deutliches St\u00fcck weiter sind, ist mir im Reflektieren \u00fcber diese Zeit dennoch einmal mehr klar geworden, dass wir Frauen von echter Freiheit vermutlich immer noch weit entfernt sind. 150 Jahre sind so gesehen eben auch keine lange Zeit&#8230;<\/p>\n<p>Victoria Mas<br \/>\nDie Tanzenden<br \/>\ngelesen von Wiebke Puls<br \/>\n6 CDs, 438 Minuten Laufzeit<br \/>\nISBN 978-3-86952-444-3<br \/>\nOsterwold audi 2020<br \/>\n20,00 \u20ac<\/p>\n","protected":false},"excerpt":{"rendered":"<p>Werbung wegen Kooperation mit Osterwold audio Als \u201eNachklang\u201c zu Weltfrauentag m\u00f6chte ich dieses wunderbare (H\u00f6r-)Buch empfehlen. Ich denke, wir Frauen sollten uns durchaus immer mal wieder bewusst machen, dass es gar nicht so lange her ist, dass wir praktisch keinerlei Rechte hatten und existentiell abh\u00e4ngig waren von dem Wohlwollen der M\u00e4nner in unserer unmittelbaren Umgebung [&hellip;]<\/p>\n","protected":false},"author":3,"featured_media":0,"comment_status":"open","ping_status":"open","sticky":false,"template":"","format":"standard","meta":{"jetpack_post_was_ever_published":false,"_jetpack_newsletter_access":"","_jetpack_dont_email_post_to_subs":false,"_jetpack_newsletter_tier_id":0,"_jetpack_memberships_contains_paywalled_content":false,"_jetpack_memberships_contains_paid_content":false,"footnotes":"","jetpack_publicize_message":"","jetpack_publicize_feature_enabled":true,"jetpack_social_post_already_shared":true,"jetpack_social_options":{"image_generator_settings":{"template":"highway","default_image_id":0,"font":"","enabled":false},"version":2}},"categories":[1],"tags":[],"class_list":["post-7154","post","type-post","status-publish","format-standard","hentry","category-allgemein"],"jetpack_publicize_connections":[],"jetpack_featured_media_url":"","jetpack_sharing_enabled":true,"jetpack_shortlink":"https:\/\/wp.me\/pahbD2-1Ro","_links":{"self":[{"href":"http:\/\/www.calas-welt.de\/index.php?rest_route=\/wp\/v2\/posts\/7154","targetHints":{"allow":["GET"]}}],"collection":[{"href":"http:\/\/www.calas-welt.de\/index.php?rest_route=\/wp\/v2\/posts"}],"about":[{"href":"http:\/\/www.calas-welt.de\/index.php?rest_route=\/wp\/v2\/types\/post"}],"author":[{"embeddable":true,"href":"http:\/\/www.calas-welt.de\/index.php?rest_route=\/wp\/v2\/users\/3"}],"replies":[{"embeddable":true,"href":"http:\/\/www.calas-welt.de\/index.php?rest_route=%2Fwp%2Fv2%2Fcomments&post=7154"}],"version-history":[{"count":1,"href":"http:\/\/www.calas-welt.de\/index.php?rest_route=\/wp\/v2\/posts\/7154\/revisions"}],"predecessor-version":[{"id":7156,"href":"http:\/\/www.calas-welt.de\/index.php?rest_route=\/wp\/v2\/posts\/7154\/revisions\/7156"}],"wp:attachment":[{"href":"http:\/\/www.calas-welt.de\/index.php?rest_route=%2Fwp%2Fv2%2Fmedia&parent=7154"}],"wp:term":[{"taxonomy":"category","embeddable":true,"href":"http:\/\/www.calas-welt.de\/index.php?rest_route=%2Fwp%2Fv2%2Fcategories&post=7154"},{"taxonomy":"post_tag","embeddable":true,"href":"http:\/\/www.calas-welt.de\/index.php?rest_route=%2Fwp%2Fv2%2Ftags&post=7154"}],"curies":[{"name":"wp","href":"https:\/\/api.w.org\/{rel}","templated":true}]}}