{"id":7179,"date":"2021-10-20T18:09:46","date_gmt":"2021-10-20T18:09:46","guid":{"rendered":"http:\/\/www.calas-welt.de\/?p=7179"},"modified":"2021-10-20T18:09:46","modified_gmt":"2021-10-20T18:09:46","slug":"paula-modersohn-becker-schirn-kunsthalle-frankfurt-praesentiert-umfassende-retrospektive","status":"publish","type":"post","link":"http:\/\/www.calas-welt.de\/?p=7179","title":{"rendered":"Paula Modersohn-Becker &#8211; Schirn Kunsthalle Frankfurt pr\u00e4sentiert umfassende Retrospektive"},"content":{"rendered":"<p><a href=\"http:\/\/www.calas-welt.de\/wp-content\/uploads\/2021\/10\/9A16B7EE-6D0A-4674-A816-0FE5E4EDD426.jpeg\"><img loading=\"lazy\" decoding=\"async\" class=\"alignnone wp-image-7186 size-full\" src=\"http:\/\/www.calas-welt.de\/wp-content\/uploads\/2021\/10\/9A16B7EE-6D0A-4674-A816-0FE5E4EDD426.jpeg\" alt=\"\" width=\"1440\" height=\"1440\" srcset=\"http:\/\/www.calas-welt.de\/wp-content\/uploads\/2021\/10\/9A16B7EE-6D0A-4674-A816-0FE5E4EDD426.jpeg 1440w, http:\/\/www.calas-welt.de\/wp-content\/uploads\/2021\/10\/9A16B7EE-6D0A-4674-A816-0FE5E4EDD426-300x300.jpeg 300w, http:\/\/www.calas-welt.de\/wp-content\/uploads\/2021\/10\/9A16B7EE-6D0A-4674-A816-0FE5E4EDD426-1024x1024.jpeg 1024w, http:\/\/www.calas-welt.de\/wp-content\/uploads\/2021\/10\/9A16B7EE-6D0A-4674-A816-0FE5E4EDD426-150x150.jpeg 150w, http:\/\/www.calas-welt.de\/wp-content\/uploads\/2021\/10\/9A16B7EE-6D0A-4674-A816-0FE5E4EDD426-768x768.jpeg 768w, http:\/\/www.calas-welt.de\/wp-content\/uploads\/2021\/10\/9A16B7EE-6D0A-4674-A816-0FE5E4EDD426-120x120.jpeg 120w\" sizes=\"auto, (max-width: 1440px) 100vw, 1440px\" \/><\/a><\/p>\n<p>Paula Modersohn-Becker, geboren am 08. Februar 1876 in Dresden als Minna Hermine Paula Becker, gilt gemeinhin als eine der bedeutendsten Vertreterinnen des fr\u00fchen Expressionismus. Ganz korrekt ist das jedoch nicht, denn tats\u00e4chlich greift sie Merkmale ganz unterschiedlicher Stilrichtungen auf. Trotz ihres fr\u00fchen Todes hat Paula Modersohn-Becker ein umfassendes Werk hinterlassen, von dem die Schirn jetzt knapp 120 Exponate zeigt &#8211; die erste Ausstellung der Malerin in Frankfurt seit 1977.<\/p>\n<p><a href=\"http:\/\/www.calas-welt.de\/wp-content\/uploads\/2021\/10\/Schirn_Presse_Modersohn-Becker_Selbstbildnis-scaled.jpg\"><img loading=\"lazy\" decoding=\"async\" class=\"alignnone size-full wp-image-7181\" src=\"http:\/\/www.calas-welt.de\/wp-content\/uploads\/2021\/10\/Schirn_Presse_Modersohn-Becker_Selbstbildnis-scaled.jpg\" alt=\"\" width=\"1786\" height=\"2560\" srcset=\"http:\/\/www.calas-welt.de\/wp-content\/uploads\/2021\/10\/Schirn_Presse_Modersohn-Becker_Selbstbildnis-scaled.jpg 1786w, http:\/\/www.calas-welt.de\/wp-content\/uploads\/2021\/10\/Schirn_Presse_Modersohn-Becker_Selbstbildnis-209x300.jpg 209w, http:\/\/www.calas-welt.de\/wp-content\/uploads\/2021\/10\/Schirn_Presse_Modersohn-Becker_Selbstbildnis-714x1024.jpg 714w, http:\/\/www.calas-welt.de\/wp-content\/uploads\/2021\/10\/Schirn_Presse_Modersohn-Becker_Selbstbildnis-768x1101.jpg 768w, http:\/\/www.calas-welt.de\/wp-content\/uploads\/2021\/10\/Schirn_Presse_Modersohn-Becker_Selbstbildnis-1072x1536.jpg 1072w, http:\/\/www.calas-welt.de\/wp-content\/uploads\/2021\/10\/Schirn_Presse_Modersohn-Becker_Selbstbildnis-1429x2048.jpg 1429w\" sizes=\"auto, (max-width: 1786px) 100vw, 1786px\" \/><\/a><br \/>\n<span style=\"font-size: 10pt;\">Paula Modersohn-Becker, Selbstbildnis am 6. Hochzeitstag, 1906<br \/>\n\u00d6ltempera auf Pappe, 101,8 x 70,2 cm<br \/>\nMuseen B\u00f6ttcherstra\u00dfe, Paula Modersohn-Becker Museum, Bremen<br \/>\n(c) Schirn_Presse_Modersohn-Becker_Selbstbildnis.jpg<br \/>\n<\/span>__________________________________________________________________<\/p>\n<p>Paula Modersohn-Becker bekam fr\u00fch Zeichenunterricht, besuchte dann aber auf Wunsch des Vaters zun\u00e4chst ein Lehrerinnenseminar. Sie verbrachte viel Zeit in der K\u00fcnstlerkolonie Worpswede bei Bremen, wo sie vor allem M\u00e4dchen und Frauen portraitierte. Sie hat dort allein rund 400 Bilder von Jugendlichen (meist M\u00e4dchen) geschaffen. Mehrere Aufenthalte in Paris, wo sie auch Unterricht nahm und die gerade erst f\u00fcr Frauen freigegebenen Aktklassen besuchte, beeinflussten ihr Werk.<\/p>\n<p>Ihr &#8222;Selbstbildnis am 6. Hochzeitstag\u201c aus dem Jahre 1906 (Bild oben) gilt als das erste Akt-Selbstportr\u00e4t einer K\u00fcnstlerin.<\/p>\n<p><a href=\"http:\/\/www.calas-welt.de\/wp-content\/uploads\/2021\/10\/Bildschirmfoto-2021-10-13-um-09.40.57.png\"><img loading=\"lazy\" decoding=\"async\" class=\"alignnone size-full wp-image-7185\" src=\"http:\/\/www.calas-welt.de\/wp-content\/uploads\/2021\/10\/Bildschirmfoto-2021-10-13-um-09.40.57.png\" alt=\"\" width=\"1654\" height=\"1240\" srcset=\"http:\/\/www.calas-welt.de\/wp-content\/uploads\/2021\/10\/Bildschirmfoto-2021-10-13-um-09.40.57.png 1654w, http:\/\/www.calas-welt.de\/wp-content\/uploads\/2021\/10\/Bildschirmfoto-2021-10-13-um-09.40.57-300x225.png 300w, http:\/\/www.calas-welt.de\/wp-content\/uploads\/2021\/10\/Bildschirmfoto-2021-10-13-um-09.40.57-1024x768.png 1024w, http:\/\/www.calas-welt.de\/wp-content\/uploads\/2021\/10\/Bildschirmfoto-2021-10-13-um-09.40.57-768x576.png 768w, http:\/\/www.calas-welt.de\/wp-content\/uploads\/2021\/10\/Bildschirmfoto-2021-10-13-um-09.40.57-1536x1152.png 1536w\" sizes=\"auto, (max-width: 1654px) 100vw, 1654px\" \/><\/a><span style=\"font-size: 10pt;\">links: Portrait der Bildhauerin Clara Rilke-Westhoff (1905)<\/span><br \/>\n<span style=\"font-size: 10pt;\">rechts: Selbstbildnis mit blauem Glas (1902)<br \/>\n_________________________________________________________________________<\/span><\/p>\n<p><a href=\"http:\/\/www.calas-welt.de\/wp-content\/uploads\/2021\/10\/Schirn_Presse_Modersohn-Becker_Portraitfoto_um_1895-scaled.jpg\"><img loading=\"lazy\" decoding=\"async\" class=\"alignnone size-full wp-image-7180\" src=\"http:\/\/www.calas-welt.de\/wp-content\/uploads\/2021\/10\/Schirn_Presse_Modersohn-Becker_Portraitfoto_um_1895-scaled.jpg\" alt=\"\" width=\"1970\" height=\"2560\" srcset=\"http:\/\/www.calas-welt.de\/wp-content\/uploads\/2021\/10\/Schirn_Presse_Modersohn-Becker_Portraitfoto_um_1895-scaled.jpg 1970w, http:\/\/www.calas-welt.de\/wp-content\/uploads\/2021\/10\/Schirn_Presse_Modersohn-Becker_Portraitfoto_um_1895-231x300.jpg 231w, http:\/\/www.calas-welt.de\/wp-content\/uploads\/2021\/10\/Schirn_Presse_Modersohn-Becker_Portraitfoto_um_1895-788x1024.jpg 788w, http:\/\/www.calas-welt.de\/wp-content\/uploads\/2021\/10\/Schirn_Presse_Modersohn-Becker_Portraitfoto_um_1895-768x998.jpg 768w, http:\/\/www.calas-welt.de\/wp-content\/uploads\/2021\/10\/Schirn_Presse_Modersohn-Becker_Portraitfoto_um_1895-1182x1536.jpg 1182w, http:\/\/www.calas-welt.de\/wp-content\/uploads\/2021\/10\/Schirn_Presse_Modersohn-Becker_Portraitfoto_um_1895-1576x2048.jpg 1576w\" sizes=\"auto, (max-width: 1970px) 100vw, 1970px\" \/><\/a><span style=\"font-size: 10pt;\">Schirn_Presse_Modersohn-Becker_Portraitfoto_um_1895.jpg, <\/span><span style=\"font-size: 10pt;\">Paula Becker, um 1895<br \/>\n_________________________________________________________________________<\/span><\/p>\n<p>Paula Modersohn-Becker ist nicht daran gelegen, detailgetreu die Wirklichkeit abzubilden, vielmehr fangen ihre Bilder vor allem Stimmungen und Charaktereigenschaften ein. Da sie den Modellen kein \u00fcppiges Honorar zahlen kann, sind es meist Menschen aus der einfachen Landbev\u00f6lkerung, die sie portraitiert, einige sogar mehrfach.<\/p>\n<p>Paula Modersohn-Becker stirbt bereits mit 31 Jahren am 20. November 1907 in Worpswede an einer Embolie &#8211;\u00a0 18 Tage nach der Geburt ihrer Tochter Mathilde.<\/p>\n<p><a href=\"http:\/\/www.calas-welt.de\/wp-content\/uploads\/2021\/10\/Schirn_Presse_Paula_Modersohn-Becker_Ausstellungsansicht_Miguletz7-scaled.jpg\"><img loading=\"lazy\" decoding=\"async\" class=\"alignnone size-full wp-image-7183\" src=\"http:\/\/www.calas-welt.de\/wp-content\/uploads\/2021\/10\/Schirn_Presse_Paula_Modersohn-Becker_Ausstellungsansicht_Miguletz7-scaled.jpg\" alt=\"\" width=\"2560\" height=\"1920\" srcset=\"http:\/\/www.calas-welt.de\/wp-content\/uploads\/2021\/10\/Schirn_Presse_Paula_Modersohn-Becker_Ausstellungsansicht_Miguletz7-scaled.jpg 2560w, http:\/\/www.calas-welt.de\/wp-content\/uploads\/2021\/10\/Schirn_Presse_Paula_Modersohn-Becker_Ausstellungsansicht_Miguletz7-300x225.jpg 300w, http:\/\/www.calas-welt.de\/wp-content\/uploads\/2021\/10\/Schirn_Presse_Paula_Modersohn-Becker_Ausstellungsansicht_Miguletz7-1024x768.jpg 1024w, http:\/\/www.calas-welt.de\/wp-content\/uploads\/2021\/10\/Schirn_Presse_Paula_Modersohn-Becker_Ausstellungsansicht_Miguletz7-768x576.jpg 768w, http:\/\/www.calas-welt.de\/wp-content\/uploads\/2021\/10\/Schirn_Presse_Paula_Modersohn-Becker_Ausstellungsansicht_Miguletz7-1536x1152.jpg 1536w, http:\/\/www.calas-welt.de\/wp-content\/uploads\/2021\/10\/Schirn_Presse_Paula_Modersohn-Becker_Ausstellungsansicht_Miguletz7-2048x1536.jpg 2048w\" sizes=\"auto, (max-width: 2560px) 100vw, 2560px\" \/><\/a><br \/>\n<span style=\"font-size: 10pt;\">PAULA MODERSOHN-BECKER, Ausstellungsansicht \u00a9 Schirn<\/span><br \/>\n<span style=\"font-size: 10pt;\">Kunsthalle Frankfurt 2021, Foto: Norbert Miguletz<br \/>\n_________________________________________________________________________<\/span><\/p>\n<p>Die klug angelegte und sehr sehenswerte Ausstellung in der Schirn Kunsthalle Frankfurt l\u00e4uft noch bis zum 06. Februar 2022.<\/p>\n<p><strong>Ausstellung<\/strong><br \/>\nPaula Modersohn-Becker<br \/>\nSchirn Kunsthalle Frankfurt<br \/>\n08.10.2021 &#8211; 06.02.2022<br \/>\nInformationen und Preise <a href=\"https:\/\/www.schirn.de\/ausstellungen\/2021\/paula_modersohn_becker\/\">hier<\/a><\/p>\n<p><a href=\"http:\/\/www.calas-welt.de\/wp-content\/uploads\/2021\/10\/Schirn_Presse_Paula_Modersohn-Becker_Ausstellungsansicht_Miguletz1-scaled.jpg\"><img loading=\"lazy\" decoding=\"async\" class=\"alignnone size-full wp-image-7182\" src=\"http:\/\/www.calas-welt.de\/wp-content\/uploads\/2021\/10\/Schirn_Presse_Paula_Modersohn-Becker_Ausstellungsansicht_Miguletz1-scaled.jpg\" alt=\"\" width=\"2560\" height=\"1440\" srcset=\"http:\/\/www.calas-welt.de\/wp-content\/uploads\/2021\/10\/Schirn_Presse_Paula_Modersohn-Becker_Ausstellungsansicht_Miguletz1-scaled.jpg 2560w, http:\/\/www.calas-welt.de\/wp-content\/uploads\/2021\/10\/Schirn_Presse_Paula_Modersohn-Becker_Ausstellungsansicht_Miguletz1-300x169.jpg 300w, http:\/\/www.calas-welt.de\/wp-content\/uploads\/2021\/10\/Schirn_Presse_Paula_Modersohn-Becker_Ausstellungsansicht_Miguletz1-1024x576.jpg 1024w, http:\/\/www.calas-welt.de\/wp-content\/uploads\/2021\/10\/Schirn_Presse_Paula_Modersohn-Becker_Ausstellungsansicht_Miguletz1-768x432.jpg 768w, http:\/\/www.calas-welt.de\/wp-content\/uploads\/2021\/10\/Schirn_Presse_Paula_Modersohn-Becker_Ausstellungsansicht_Miguletz1-1536x864.jpg 1536w, http:\/\/www.calas-welt.de\/wp-content\/uploads\/2021\/10\/Schirn_Presse_Paula_Modersohn-Becker_Ausstellungsansicht_Miguletz1-2048x1152.jpg 2048w\" sizes=\"auto, (max-width: 2560px) 100vw, 2560px\" \/><\/a><span style=\"font-size: 10pt;\">PAULA MODERSOHN-BECKER, Ausstellungsansicht \u00a9 Schirn<\/span><br \/>\n<span style=\"font-size: 10pt;\">Kunsthalle Frankfurt 2021, Foto: Norbert Miguletz<\/span><\/p>\n<p>&nbsp;<\/p>\n","protected":false},"excerpt":{"rendered":"<p>Paula Modersohn-Becker, geboren am 08. Februar 1876 in Dresden als Minna Hermine Paula Becker, gilt gemeinhin als eine der bedeutendsten Vertreterinnen des fr\u00fchen Expressionismus. Ganz korrekt ist das jedoch nicht, denn tats\u00e4chlich greift sie Merkmale ganz unterschiedlicher Stilrichtungen auf. Trotz ihres fr\u00fchen Todes hat Paula Modersohn-Becker ein umfassendes Werk hinterlassen, von dem die Schirn jetzt [&hellip;]<\/p>\n","protected":false},"author":3,"featured_media":0,"comment_status":"open","ping_status":"open","sticky":false,"template":"","format":"standard","meta":{"jetpack_post_was_ever_published":false,"_jetpack_newsletter_access":"","_jetpack_dont_email_post_to_subs":false,"_jetpack_newsletter_tier_id":0,"_jetpack_memberships_contains_paywalled_content":false,"_jetpack_memberships_contains_paid_content":false,"footnotes":"","jetpack_publicize_message":"","jetpack_publicize_feature_enabled":true,"jetpack_social_post_already_shared":true,"jetpack_social_options":{"image_generator_settings":{"template":"highway","default_image_id":0,"font":"","enabled":false},"version":2}},"categories":[99],"tags":[],"class_list":["post-7179","post","type-post","status-publish","format-standard","hentry","category-frankfurt_ausstellungen"],"jetpack_publicize_connections":[],"jetpack_featured_media_url":"","jetpack_sharing_enabled":true,"jetpack_shortlink":"https:\/\/wp.me\/pahbD2-1RN","_links":{"self":[{"href":"http:\/\/www.calas-welt.de\/index.php?rest_route=\/wp\/v2\/posts\/7179","targetHints":{"allow":["GET"]}}],"collection":[{"href":"http:\/\/www.calas-welt.de\/index.php?rest_route=\/wp\/v2\/posts"}],"about":[{"href":"http:\/\/www.calas-welt.de\/index.php?rest_route=\/wp\/v2\/types\/post"}],"author":[{"embeddable":true,"href":"http:\/\/www.calas-welt.de\/index.php?rest_route=\/wp\/v2\/users\/3"}],"replies":[{"embeddable":true,"href":"http:\/\/www.calas-welt.de\/index.php?rest_route=%2Fwp%2Fv2%2Fcomments&post=7179"}],"version-history":[{"count":5,"href":"http:\/\/www.calas-welt.de\/index.php?rest_route=\/wp\/v2\/posts\/7179\/revisions"}],"predecessor-version":[{"id":7191,"href":"http:\/\/www.calas-welt.de\/index.php?rest_route=\/wp\/v2\/posts\/7179\/revisions\/7191"}],"wp:attachment":[{"href":"http:\/\/www.calas-welt.de\/index.php?rest_route=%2Fwp%2Fv2%2Fmedia&parent=7179"}],"wp:term":[{"taxonomy":"category","embeddable":true,"href":"http:\/\/www.calas-welt.de\/index.php?rest_route=%2Fwp%2Fv2%2Fcategories&post=7179"},{"taxonomy":"post_tag","embeddable":true,"href":"http:\/\/www.calas-welt.de\/index.php?rest_route=%2Fwp%2Fv2%2Ftags&post=7179"}],"curies":[{"name":"wp","href":"https:\/\/api.w.org\/{rel}","templated":true}]}}