{"id":7194,"date":"2022-05-13T14:37:52","date_gmt":"2022-05-13T14:37:52","guid":{"rendered":"http:\/\/www.calas-welt.de\/?p=7194"},"modified":"2022-05-13T15:11:59","modified_gmt":"2022-05-13T15:11:59","slug":"dialog-zwischen-den-kulturen-mein-interview-mit-mehmet-susever","status":"publish","type":"post","link":"http:\/\/www.calas-welt.de\/?p=7194","title":{"rendered":"Dialog zwischen den Kulturen &#8211; mein Interview mit Mehmet Susever"},"content":{"rendered":"<p>Dieser Beitrag enth\u00e4lt unbezahlte Werbung.<\/p>\n<div id=\"attachment_7196\" style=\"width: 1676px\" class=\"wp-caption alignnone\"><a href=\"http:\/\/www.calas-welt.de\/wp-content\/uploads\/2022\/02\/Bildschirmfoto-2022-02-06-um-16.18.56.png\"><img loading=\"lazy\" decoding=\"async\" aria-describedby=\"caption-attachment-7196\" class=\"wp-image-7196 size-full\" src=\"http:\/\/www.calas-welt.de\/wp-content\/uploads\/2022\/02\/Bildschirmfoto-2022-02-06-um-16.18.56.png\" alt=\"\" width=\"1666\" height=\"1248\" srcset=\"http:\/\/www.calas-welt.de\/wp-content\/uploads\/2022\/02\/Bildschirmfoto-2022-02-06-um-16.18.56.png 1666w, http:\/\/www.calas-welt.de\/wp-content\/uploads\/2022\/02\/Bildschirmfoto-2022-02-06-um-16.18.56-300x225.png 300w, http:\/\/www.calas-welt.de\/wp-content\/uploads\/2022\/02\/Bildschirmfoto-2022-02-06-um-16.18.56-1024x767.png 1024w, http:\/\/www.calas-welt.de\/wp-content\/uploads\/2022\/02\/Bildschirmfoto-2022-02-06-um-16.18.56-768x575.png 768w, http:\/\/www.calas-welt.de\/wp-content\/uploads\/2022\/02\/Bildschirmfoto-2022-02-06-um-16.18.56-1536x1151.png 1536w\" sizes=\"auto, (max-width: 1666px) 100vw, 1666px\" \/><\/a><p id=\"caption-attachment-7196\" class=\"wp-caption-text\">Mehmet bl\u00e4ttert im Buch von Lutz Gei\u00dfler, das ich mitgebracht habe (&#8222;Die besten Fladenbrote der Welt&#8220;).\u00a0 \u00a0 \u00a0 Er ist begeisterter Brot- und Pizzab\u00e4cker und folgt dem &#8222;Pl\u00f6tzblog&#8220;<\/p><\/div>\n<p>&nbsp;<\/p>\n<p>F\u00fcr das aktuelle Interview in meinem Podcast (Calas Welt &#8211; der Podcast, <a href=\"https:\/\/www.cala-kocht.de\/?podcast=calas-welt-der-podcast-nr-87-dialog-zwischen-den-kulturen-interview-mit-mehmet-susever\">hier<\/a>) bin ich im Dezember 2021 nach NRW gereist und habe in Bad Oeynhausen Mehmet Susever besucht &#8211; Unternehmer, G\u00e4rtner, Segler, Koch und B\u00e4cker aus Leidenschaft. Ein Mann der in seinem Leben schon viele Visionen zum Leben erweckt hat und unerm\u00fcdlich neue Ideen umsetzt.<\/p>\n<p>Im Interview berichtet er, wie er als Kind einer &#8222;typischen&#8220; Gastarbeiterfamilie in Deutschland Fu\u00df gefasst und seine Firma Nautical Elements aufgebaut hat. Mehmet erz\u00e4hlt, wie sein Traum von einem eigenen Segelschiff in Erf\u00fcllung gegangen ist, wie sich sein Leben nach einem Herzinfarkt im Jahr 2012 ver\u00e4ndert hat und warum es ihm so wichtig ist, zu teilen und immer wieder Menschen mitzunehmen, die ihm auf seinem Weg begegnen.<\/p>\n<p><a href=\"http:\/\/www.calas-welt.de\/wp-content\/uploads\/2022\/05\/Mehmet.jpg\"><img loading=\"lazy\" decoding=\"async\" class=\"alignnone size-full wp-image-7205\" src=\"http:\/\/www.calas-welt.de\/wp-content\/uploads\/2022\/05\/Mehmet.jpg\" alt=\"\" width=\"1284\" height=\"1646\" srcset=\"http:\/\/www.calas-welt.de\/wp-content\/uploads\/2022\/05\/Mehmet.jpg 1284w, http:\/\/www.calas-welt.de\/wp-content\/uploads\/2022\/05\/Mehmet-234x300.jpg 234w, http:\/\/www.calas-welt.de\/wp-content\/uploads\/2022\/05\/Mehmet-799x1024.jpg 799w, http:\/\/www.calas-welt.de\/wp-content\/uploads\/2022\/05\/Mehmet-768x985.jpg 768w, http:\/\/www.calas-welt.de\/wp-content\/uploads\/2022\/05\/Mehmet-1198x1536.jpg 1198w\" sizes=\"auto, (max-width: 1284px) 100vw, 1284px\" \/><\/a><\/p>\n<p>Mehmet ist sehr herzlich und zugewandt. Wir haben eine sehr sch\u00f6ne Zeit miteinander verbracht, in der er sich viel Zeit f\u00fcr uns genommen, die T\u00fcren und das Herz f\u00fcr uns ge\u00f6ffnet hat.<\/p>\n<p>Wenn du ein wirklich sch\u00f6nes Interview mit einem sehr interessanten Menschen h\u00f6ren m\u00f6chtest, dann lad&#8216; dir die Folge unbedingt runter &#8211; du findest den Podcast \u00fcber <a href=\"https:\/\/www.cala-kocht.de\/?podcast=calas-welt-der-podcast-nr-87-dialog-zwischen-den-kulturen-interview-mit-mehmet-susever\">diesen Link<\/a>, aber auch \u00fcber alle g\u00e4ngigen Podcast-Apps (&#8222;Calas Welt &#8211; der Podcast&#8220;)<\/p>\n<p>Da wir f\u00fcr das Interview ausnahmsweise vor Ort waren und ich gemeinsam mit Mehmet kochen, backen, experimentieren und philosophieren durfte, ist diesmal auch viel Bild- und Videomaterial entstanden, von dem ich dir hier einiges zeigen m\u00f6chte.<br \/>\nDu wirst aber auch auf meinen Instagram-Profilen Calaswelt und Calakocht in den n\u00e4chsten Tagen Bild- und Videomaterial finden.<\/p>\n<p><a href=\"http:\/\/www.calas-welt.de\/wp-content\/uploads\/2022\/02\/Bildschirmfoto-2022-02-06-um-16.16.39.png\"><img loading=\"lazy\" decoding=\"async\" class=\"alignnone size-full wp-image-7195\" src=\"http:\/\/www.calas-welt.de\/wp-content\/uploads\/2022\/02\/Bildschirmfoto-2022-02-06-um-16.16.39.png\" alt=\"\" width=\"964\" height=\"1284\" srcset=\"http:\/\/www.calas-welt.de\/wp-content\/uploads\/2022\/02\/Bildschirmfoto-2022-02-06-um-16.16.39.png 964w, http:\/\/www.calas-welt.de\/wp-content\/uploads\/2022\/02\/Bildschirmfoto-2022-02-06-um-16.16.39-225x300.png 225w, http:\/\/www.calas-welt.de\/wp-content\/uploads\/2022\/02\/Bildschirmfoto-2022-02-06-um-16.16.39-769x1024.png 769w, http:\/\/www.calas-welt.de\/wp-content\/uploads\/2022\/02\/Bildschirmfoto-2022-02-06-um-16.16.39-768x1023.png 768w, http:\/\/www.calas-welt.de\/wp-content\/uploads\/2022\/02\/Bildschirmfoto-2022-02-06-um-16.16.39-420x560.png 420w\" sizes=\"auto, (max-width: 964px) 100vw, 964px\" \/><\/a><\/p>\n<p>In Mehmets K\u00fcche auf dem Firmengel\u00e4nde von Nautical Elements wird (ein-)gekocht und experimentiert, es gibt einen D\u00f6rrofen und eine Getreidem\u00fchle, einen gro\u00dfen firmeneigenen Garten und ein Gew\u00e4chshaus. Mehmet probiert hier Gew\u00fcrze, Aromen und verschiedene Lebensmittel aus &#8211; zum einen, weil er f\u00fcr die Lebensmittelbranche arbeitet und deren Verarbeitungsprozesse studiert, zum anderen, weil er Projektideen in kulinarischer Richtung hat, f\u00fcr die hier der Grundstein gelegt werden soll. Kulinarisch schw\u00e4rmt Mehmet aber nat\u00fcrlich auch f\u00fcr die wunderbaren Aromen seiner ersten Heimat, der T\u00fcrkei. Au\u00dferdem ist er ein leidenschaftlicher Brot- und Pizzab\u00e4cker. Er hat mir ein paar seiner Lieblingsrezepte verraten &#8211; du findest sie auf meinem Blog &#8222;Cala kocht&#8220; (hier).<\/p>\n<p><a href=\"http:\/\/www.calas-welt.de\/wp-content\/uploads\/2022\/02\/Bildschirmfoto-2022-02-06-um-16.21.30.png\"><img loading=\"lazy\" decoding=\"async\" class=\"alignnone size-full wp-image-7197\" src=\"http:\/\/www.calas-welt.de\/wp-content\/uploads\/2022\/02\/Bildschirmfoto-2022-02-06-um-16.21.30.png\" alt=\"\" width=\"1658\" height=\"1246\" srcset=\"http:\/\/www.calas-welt.de\/wp-content\/uploads\/2022\/02\/Bildschirmfoto-2022-02-06-um-16.21.30.png 1658w, http:\/\/www.calas-welt.de\/wp-content\/uploads\/2022\/02\/Bildschirmfoto-2022-02-06-um-16.21.30-300x225.png 300w, http:\/\/www.calas-welt.de\/wp-content\/uploads\/2022\/02\/Bildschirmfoto-2022-02-06-um-16.21.30-1024x770.png 1024w, http:\/\/www.calas-welt.de\/wp-content\/uploads\/2022\/02\/Bildschirmfoto-2022-02-06-um-16.21.30-768x577.png 768w, http:\/\/www.calas-welt.de\/wp-content\/uploads\/2022\/02\/Bildschirmfoto-2022-02-06-um-16.21.30-1536x1154.png 1536w\" sizes=\"auto, (max-width: 1658px) 100vw, 1658px\" \/><\/a><\/p>\n<p>Mitten im Winter hat Mehmet den Grill angeworfen, weil er mir zeigen wollte, dass man Brot auch hervorragend im Grill backen kann. Und da der Grill schon mal hei\u00df war, zeigte er mir auch noch, wie man Gem\u00fcse vom Grill ganz einfach zu einem leckeren Salat verarbeiten kann.<\/p>\n<p>Gemeinsam haben wir eingelegte Auberginen gemacht, die roh nach einer traditionellen Methode haltbar gemacht werden und unglaublich lecker sind.<\/p>\n<p><a href=\"https:\/\/www.cala-kocht.de\/wp-content\/uploads\/2022\/05\/Bildschirmfoto-2022-05-08-um-16.37.51.png\"><img loading=\"lazy\" decoding=\"async\" class=\"alignnone size-full wp-image-7728\" src=\"https:\/\/www.cala-kocht.de\/wp-content\/uploads\/2022\/05\/Bildschirmfoto-2022-05-08-um-16.37.51.png\" alt=\"\" width=\"1658\" height=\"1240\" \/><\/a><\/p>\n<p>Da ich selber auch etwas an Ideen beisteuern wollte, habe ich passend dazu die Zutaten f\u00fcr ein Auberginen-Chutney mitgebracht, das ich schon lange einmal ausprobieren wollten. Das Rezept stammt aus dem Buch &#8222;Chakall kocht&#8220; aus dem DK-Verlag. Das Buch ist zwar schon etwas \u00e4lter, aber ab und zu st\u00f6bere ich immer noch gerne darin. F\u00fcr das Chutney (S. 103) werden Zwiebeln, Auberginen und Orangen mit Gew\u00fcrzen eingekocht. Da das Rezept nicht von mir stammt, kann ich es nicht auf den Blog stellen und verweise hiermit auf das Original.<\/p>\n<p><strong>Was ich von meiner Reise nach NRW und meinem Interview mit Mehmet mitgenommen habe?<\/strong><\/p>\n<p>Vor allem, dass es richtig ist, an sich selbst und die eigenen Visionen zu glauben, dass es m\u00f6glich ist, seine Tr\u00e4ume zu verwirklichen, selbst wenn sie die Gr\u00f6\u00dfe von Segelschiffen und Windkraftr\u00e4dern haben und dass es sich wirklich lohnt, auch gegen Widerst\u00e4nde daf\u00fcr loszugehen.<\/p>\n<p>Ich habe aber auch mitgenommen, dass Menschen, die Gro\u00dfes erreichen, nicht zwingend die Bodenhaftung verlieren m\u00fcssen. Manchmal sind es Menschen wie du und ich, die ganz einfach in ihrem pers\u00f6nlichen Umfeld die Dinge tun, die ihnen wichtig sind und richtig erscheinen und die dabei trotzdem nicht den Kontakt zu ihren Mitmenschen verlieren, sondern neugierig sind und Begegnungen als Chance wertsch\u00e4tzen, sich einzubringen.<\/p>\n","protected":false},"excerpt":{"rendered":"<p>Dieser Beitrag enth\u00e4lt unbezahlte Werbung. &nbsp; F\u00fcr das aktuelle Interview in meinem Podcast (Calas Welt &#8211; der Podcast, hier) bin ich im Dezember 2021 nach NRW gereist und habe in Bad Oeynhausen Mehmet Susever besucht &#8211; Unternehmer, G\u00e4rtner, Segler, Koch und B\u00e4cker aus Leidenschaft. Ein Mann der in seinem Leben schon viele Visionen zum Leben [&hellip;]<\/p>\n","protected":false},"author":3,"featured_media":0,"comment_status":"open","ping_status":"open","sticky":false,"template":"","format":"standard","meta":{"jetpack_post_was_ever_published":false,"_jetpack_newsletter_access":"","_jetpack_dont_email_post_to_subs":false,"_jetpack_newsletter_tier_id":0,"_jetpack_memberships_contains_paywalled_content":false,"_jetpack_memberships_contains_paid_content":false,"footnotes":"","jetpack_publicize_message":"","jetpack_publicize_feature_enabled":true,"jetpack_social_post_already_shared":true,"jetpack_social_options":{"image_generator_settings":{"template":"highway","default_image_id":0,"font":"","enabled":false},"version":2}},"categories":[1],"tags":[],"class_list":["post-7194","post","type-post","status-publish","format-standard","hentry","category-allgemein"],"jetpack_publicize_connections":[],"jetpack_featured_media_url":"","jetpack_sharing_enabled":true,"jetpack_shortlink":"https:\/\/wp.me\/pahbD2-1S2","_links":{"self":[{"href":"http:\/\/www.calas-welt.de\/index.php?rest_route=\/wp\/v2\/posts\/7194","targetHints":{"allow":["GET"]}}],"collection":[{"href":"http:\/\/www.calas-welt.de\/index.php?rest_route=\/wp\/v2\/posts"}],"about":[{"href":"http:\/\/www.calas-welt.de\/index.php?rest_route=\/wp\/v2\/types\/post"}],"author":[{"embeddable":true,"href":"http:\/\/www.calas-welt.de\/index.php?rest_route=\/wp\/v2\/users\/3"}],"replies":[{"embeddable":true,"href":"http:\/\/www.calas-welt.de\/index.php?rest_route=%2Fwp%2Fv2%2Fcomments&post=7194"}],"version-history":[{"count":6,"href":"http:\/\/www.calas-welt.de\/index.php?rest_route=\/wp\/v2\/posts\/7194\/revisions"}],"predecessor-version":[{"id":7210,"href":"http:\/\/www.calas-welt.de\/index.php?rest_route=\/wp\/v2\/posts\/7194\/revisions\/7210"}],"wp:attachment":[{"href":"http:\/\/www.calas-welt.de\/index.php?rest_route=%2Fwp%2Fv2%2Fmedia&parent=7194"}],"wp:term":[{"taxonomy":"category","embeddable":true,"href":"http:\/\/www.calas-welt.de\/index.php?rest_route=%2Fwp%2Fv2%2Fcategories&post=7194"},{"taxonomy":"post_tag","embeddable":true,"href":"http:\/\/www.calas-welt.de\/index.php?rest_route=%2Fwp%2Fv2%2Ftags&post=7194"}],"curies":[{"name":"wp","href":"https:\/\/api.w.org\/{rel}","templated":true}]}}