{"id":7211,"date":"2022-09-16T16:28:32","date_gmt":"2022-09-16T16:28:32","guid":{"rendered":"http:\/\/www.calas-welt.de\/?p=7211"},"modified":"2022-09-28T14:24:34","modified_gmt":"2022-09-28T14:24:34","slug":"rueckblick-bretagne-2022-1-etappe-tag-1-3-paris-plurien-rennes-und-foret-de-la-brocaillande","status":"publish","type":"post","link":"http:\/\/www.calas-welt.de\/?p=7211","title":{"rendered":"R\u00fcckblick Bretagne 2022, 1. Etappe, Tag 1-3, Paris, Plurien, Rennes und For\u00eat de la Brocaillande"},"content":{"rendered":"<p><a href=\"http:\/\/www.calas-welt.de\/wp-content\/uploads\/2022\/07\/Bildschirmfoto-2022-07-31-um-15.19.43.png\"><img loading=\"lazy\" decoding=\"async\" class=\"alignnone size-full wp-image-7214\" src=\"http:\/\/www.calas-welt.de\/wp-content\/uploads\/2022\/07\/Bildschirmfoto-2022-07-31-um-15.19.43.png\" alt=\"\" width=\"964\" height=\"1264\" srcset=\"http:\/\/www.calas-welt.de\/wp-content\/uploads\/2022\/07\/Bildschirmfoto-2022-07-31-um-15.19.43.png 964w, http:\/\/www.calas-welt.de\/wp-content\/uploads\/2022\/07\/Bildschirmfoto-2022-07-31-um-15.19.43-229x300.png 229w, http:\/\/www.calas-welt.de\/wp-content\/uploads\/2022\/07\/Bildschirmfoto-2022-07-31-um-15.19.43-781x1024.png 781w, http:\/\/www.calas-welt.de\/wp-content\/uploads\/2022\/07\/Bildschirmfoto-2022-07-31-um-15.19.43-768x1007.png 768w\" sizes=\"auto, (max-width: 964px) 100vw, 964px\" \/><\/a><\/p>\n<p>Eigenwerbung:<br \/>\nAusgesuchte Bretagne-Fotos von mir als limitierte, handsignierte Drucke findest du <a href=\"https:\/\/www.etsy.com\/de\/shop\/PauletAnny\">hier<\/a>.<br \/>\nIn den n\u00e4chsten Wochen werde ich hier unseren\u00a0 Sommerurlaub in der Bretagne ein bisschen aufbereiten, nehme euch mit an viele sch\u00f6ne Orte und teile mit euch, was wir erlebt haben.<\/p>\n<p>Starten wir also mit den ersten\u00a0 Etappen.<\/p>\n<p>28.07.2022 &#8211; 29.07.2022 Rodgau &#8211; Paris, Paris &#8211; Plurien<\/p>\n<p>Start um Mitternacht, wir kommen sehr gut durch, die Hunde schlafen friedlich, Paris erreichen wir um 6 Uhr fr\u00fch und parken am Gare de Lion.<\/p>\n<p>Der Versuch, in\u00a0 Paris zu wiederholen, was wir vor Jahren in Florenz erlebt haben\u00a0 (das einzigartige Erlebnis, eine pulsierende Touristenmetropole in den fr\u00fchen Morgenstunden v\u00f6llig entspannt und mit einzigartigem Zauber zu erleben), erweist sich als schwierig: Paris erwischen wir in einer Ecke, die fr\u00fchmorgens extrem unattraktiv ist, nirgendwo findet sich ein gescheites Caf\u00e9 und den Marktbeschickern beim Aufbauen zuzusehen, f\u00fchrt auch nur dazu, dass der als besonders attraktiv geltende March\u00e9 d&#8217;Aligre am Place d&#8217;Alligre uns ob der sehr zweifelhaften hygienischen Verh\u00e4ltnisse und dem wenig einladenden Umgang mit den Lebensmitteln (bis auf ein paar Ausnahmen) \u00fcberhaupt nicht zum Einkaufen einl\u00e4dt.<\/p>\n<p>Hungrig und voller Erwartung harren wir aus, bis die die ersten B\u00e4cker und endlich auch die Markthallen am Place d&#8217;Alligre \u00f6ffnen &#8211; wir h\u00e4tten getrost eine Stunde l\u00e4nger schlafen und sp\u00e4ter losfahren k\u00f6nnen, wir h\u00e4tten \u00fcberhaupt nichts verpasst.<\/p>\n<p>Die kleine Markthalle erweist sich dann allerdings als wahre Schatztruhe und wir kaufen K\u00e4se, Butter und frische Pasta f\u00fcrs Abendessen.<\/p>\n<p>Adresse:<br \/>\nPlace d&#8217;Alligre, 12. Bezirk, die Markthallen \u00f6ffnen ab 9 Uhr (sonntags und montags laut meinen Recherchen geschlossen).<\/p>\n<p><a href=\"http:\/\/www.calas-welt.de\/wp-content\/uploads\/2022\/07\/Bildschirmfoto-2022-07-31-um-15.43.26.png\"><img loading=\"lazy\" decoding=\"async\" class=\"alignnone size-full wp-image-7215\" src=\"http:\/\/www.calas-welt.de\/wp-content\/uploads\/2022\/07\/Bildschirmfoto-2022-07-31-um-15.43.26.png\" alt=\"\" width=\"1624\" height=\"1206\" srcset=\"http:\/\/www.calas-welt.de\/wp-content\/uploads\/2022\/07\/Bildschirmfoto-2022-07-31-um-15.43.26.png 1624w, http:\/\/www.calas-welt.de\/wp-content\/uploads\/2022\/07\/Bildschirmfoto-2022-07-31-um-15.43.26-300x223.png 300w, http:\/\/www.calas-welt.de\/wp-content\/uploads\/2022\/07\/Bildschirmfoto-2022-07-31-um-15.43.26-1024x760.png 1024w, http:\/\/www.calas-welt.de\/wp-content\/uploads\/2022\/07\/Bildschirmfoto-2022-07-31-um-15.43.26-768x570.png 768w, http:\/\/www.calas-welt.de\/wp-content\/uploads\/2022\/07\/Bildschirmfoto-2022-07-31-um-15.43.26-1536x1141.png 1536w\" sizes=\"auto, (max-width: 1624px) 100vw, 1624px\" \/><\/a><\/p>\n<p>Bevor wir weiterfahren machen wir Station im Caf\u00e9 &#8222;Dreamin Man&#8220;, das Boris \u00fcber Instagram entdeckt hat. Hier herrscht abseits vom Touristenprogramm ein wunderbare, kosmopolitische Atmosph\u00e4re mit durchweg sympathischem Publikum unterschiedlichster Nationen und Sprachen und hier bekommen wir auch endlichen einen guten Kaffee.<\/p>\n<p>Adresse: 140 Rue Amelot, keine Website, Instagram dreaminman_paris<\/p>\n<p><strong>Fazit und erstes Learning:<\/strong><br \/>\n<strong>Paris ist nicht Florenz, Erfahrungen sind Erfahrungen und Zuf\u00e4lle nicht planbar. Aber alles gut.<\/strong><\/p>\n<p>Die Weiterfahrt von Paris nach Plurien \u00fcber die Landstra\u00dfe entpuppt sich als sehr viel anstrengender als gedacht &#8211; es zieht sich wie Kaugummi und die Landschaft ist alles andere als einladend. Die Vorstellung, dass wir zwischendurch immer wieder in netten D\u00f6rfern rasten, Kaffee trinken und eine Kleinigkeit essen k\u00f6nnen, erweist sich als v\u00f6llig illusorisch &#8211; anderes als Fernfahrerkneipen und Schnellimbisse entdecken wir nicht. Und die vielfach beschworenen dickk\u00f6pfigen Landwirte, die mit schwerem Ger\u00e4t die Stra\u00dfe blockieren ohne jemals rechts ran zu fahren\u00a0 (&#8222;Der Schrecken der Bretonischen Landstra\u00dfen &#8211; Traktoren &#8211; die mitunter von besonders sturen Bauern gefahren wurden&#8220;*), haben wir auch mehrfach vor uns gehabt. Essen gab&#8217;s dann im Auto auf dem Parkplatz eines Bioladens &#8211; Baguette, K\u00e4se und ein paar Oliven. Richtig sch\u00f6n wird es erst kurz vor unserem Ziel und da sind wir schon total &#8222;durch&#8220; und wollen nur noch ankommen.<\/p>\n<p><strong>Fazit und zweites Learning:<\/strong><br \/>\n<strong>Die Mautgeb\u00fchr f\u00fcr die Strecke Paris-Rennes ist ziemlich sicher eine gute Investition und Etappenziele sollte man besser vorher definieren.<\/strong><\/p>\n<p>*Zitat aus Jean-Luc Bannalec, &#8222;Bretonische N\u00e4chte&#8220;: &#8220;<\/p>\n<p><strong>29.07.2022 &#8211; Plurien\u00a0<\/strong><\/p>\n<p><a href=\"http:\/\/www.calas-welt.de\/wp-content\/uploads\/2022\/07\/Bildschirmfoto-2022-07-31-um-15.25.10.png\"><img loading=\"lazy\" decoding=\"async\" class=\"wp-image-7213 size-full\" src=\"http:\/\/www.calas-welt.de\/wp-content\/uploads\/2022\/07\/Bildschirmfoto-2022-07-31-um-15.25.10.png\" alt=\"\" width=\"972\" height=\"1008\" srcset=\"http:\/\/www.calas-welt.de\/wp-content\/uploads\/2022\/07\/Bildschirmfoto-2022-07-31-um-15.25.10.png 972w, http:\/\/www.calas-welt.de\/wp-content\/uploads\/2022\/07\/Bildschirmfoto-2022-07-31-um-15.25.10-289x300.png 289w, http:\/\/www.calas-welt.de\/wp-content\/uploads\/2022\/07\/Bildschirmfoto-2022-07-31-um-15.25.10-768x796.png 768w\" sizes=\"auto, (max-width: 972px) 100vw, 972px\" \/><\/a><br \/>\nPlurien, Marktplatz<\/p>\n<p>Plurien empf\u00e4ngt uns mit einen wundersch\u00f6nen Wochenmarkt (immer freitags vormittags auf dem Platz vor der Kirche) und ganz tollen Produkten (die besten Erdbeeren, die wir je gegessen haben, einer wunderbare Cr\u00e8me Fraiche einer kleinen Ferme, frischen Austern, wunderbarem Fisch&#8230;) und wir decken uns erst mal f\u00fcrs Fr\u00fchst\u00fcck und das Abendessen ein.<\/p>\n<p><a href=\"http:\/\/www.calas-welt.de\/wp-content\/uploads\/2022\/08\/19DF98F5-ADDD-4A29-BDD8-91CAF63F9C00.heic\"><img decoding=\"async\" class=\"alignnone size-full wp-image-7231\" src=\"http:\/\/www.calas-welt.de\/wp-content\/uploads\/2022\/08\/19DF98F5-ADDD-4A29-BDD8-91CAF63F9C00.heic\" alt=\"\" \/><\/a> <a href=\"http:\/\/www.calas-welt.de\/wp-content\/uploads\/2022\/08\/Bildschirmfoto-2022-08-31-um-11.48.49.png\"><img loading=\"lazy\" decoding=\"async\" class=\"alignnone wp-image-7232\" src=\"http:\/\/www.calas-welt.de\/wp-content\/uploads\/2022\/08\/Bildschirmfoto-2022-08-31-um-11.48.49.png\" alt=\"\" width=\"443\" height=\"565\" srcset=\"http:\/\/www.calas-welt.de\/wp-content\/uploads\/2022\/08\/Bildschirmfoto-2022-08-31-um-11.48.49.png 924w, http:\/\/www.calas-welt.de\/wp-content\/uploads\/2022\/08\/Bildschirmfoto-2022-08-31-um-11.48.49-235x300.png 235w, http:\/\/www.calas-welt.de\/wp-content\/uploads\/2022\/08\/Bildschirmfoto-2022-08-31-um-11.48.49-803x1024.png 803w, http:\/\/www.calas-welt.de\/wp-content\/uploads\/2022\/08\/Bildschirmfoto-2022-08-31-um-11.48.49-768x979.png 768w\" sizes=\"auto, (max-width: 443px) 100vw, 443px\" \/><\/a><\/p>\n<p>Zwischendurch gibt&#8217;s einen Kaffee und eine Cr\u00eape in der Bar des Dorfes. Sie geh\u00f6rt zur \u00f6rtlichen Charcuterie (Adresse unten) und Boris hat sie schon im Vorfeld ausfindig gemacht &#8211; hier wird alles verkauft, was man so braucht, auch wunderbare hausgemachte Pat\u00e9s. Ein frisches Baguette bekommt man hier ebenfalls jeden Tag. Was wir auch gleich probieren, weil es so exotisch klingt, dass wir&#8217;s hinter uns haben wollen, ist die &#8222;Galette-Saucisse&#8220;, eine Grillwurst, die in eine Galette eingewickelt wird. Sie entpuppt sich als besonders lecker &#8211; wir m\u00f6gen sie sehr und bedauern es sp\u00e4ter, dass sie nur an Markttagen angeboten wird.<\/p>\n<p>Caf\u00e9 und Charcuterie sind in fester Hand der Familie Hennef\u00a0 &#8211; ein Schild vorm Haus zeigt alle Familienmitglieder und erl\u00e4utert die Verwandtschaftsverh\u00e4ltnisse, so dass man im Bilde ist, wer wo das Sagen hat &#8211; sehr praktisch&#8230;<\/p>\n<p>Adresse:<br \/>\nBoucherie, Charcuterie Artisanale, Bar &#8222;Le Tue-Mouche&#8220;, Placee de l&#8217;Eglise, 22240 Plurien, Tel. 0296721760<br \/>\nunbedingt probieren:<br \/>\nGalette Saucisse (immer samstags), hausgemachte Salami, Schinken und Pates.<\/p>\n<p><strong>Fazit und drittes Learning:<\/strong><br \/>\n<strong>Oft ist es dort am sch\u00f6nsten, wo man es am wenigsten erwartet.\u00a0<\/strong><\/p>\n<p><strong>30.07.2022 &#8211; Rennes, Wochenmarkt und kurzer Bummel zur Kathedrale<\/strong><\/p>\n<p><a href=\"http:\/\/www.calas-welt.de\/wp-content\/uploads\/2022\/07\/Bildschirmfoto-2022-07-31-um-15.14.50.png\"><img loading=\"lazy\" decoding=\"async\" class=\"alignnone size-full wp-image-7212\" src=\"http:\/\/www.calas-welt.de\/wp-content\/uploads\/2022\/07\/Bildschirmfoto-2022-07-31-um-15.14.50.png\" alt=\"\" width=\"1622\" height=\"1210\" srcset=\"http:\/\/www.calas-welt.de\/wp-content\/uploads\/2022\/07\/Bildschirmfoto-2022-07-31-um-15.14.50.png 1622w, http:\/\/www.calas-welt.de\/wp-content\/uploads\/2022\/07\/Bildschirmfoto-2022-07-31-um-15.14.50-300x224.png 300w, http:\/\/www.calas-welt.de\/wp-content\/uploads\/2022\/07\/Bildschirmfoto-2022-07-31-um-15.14.50-1024x764.png 1024w, http:\/\/www.calas-welt.de\/wp-content\/uploads\/2022\/07\/Bildschirmfoto-2022-07-31-um-15.14.50-768x573.png 768w, http:\/\/www.calas-welt.de\/wp-content\/uploads\/2022\/07\/Bildschirmfoto-2022-07-31-um-15.14.50-1536x1146.png 1536w\" sizes=\"auto, (max-width: 1622px) 100vw, 1622px\" \/><\/a><\/p>\n<p>Um 7:15 Uhr, wir sind endlich startklar f\u00fcr unsere Tour nach Rennes. Der Hund unserer Vermieterin verabschiedet uns und schaut uns so traurig hinterher, dass ich ihn am liebsten mitnehmen w\u00fcrde, w\u00e4hrend unsere beiden augenscheinlich \u00fcberhaupt keine Lust auf einen Ausflug haben.<\/p>\n<p>Trotz der fr\u00fchen Uhrzeit sind wir &#8222;eigentlich&#8220; ein bisschen zu sp\u00e4t, denn die Fahrt (rund 100 km) erstaunliche anderthalb Stunden dauern\u00a0 und &#8211; wie wir gestern nachgelesen haben &#8211; ist der Markt sowohl bei Einheimischen als auch bei Touristen extrem beliebt. Naja, wir lassen uns \u00fcberraschen.<\/p>\n<p>Es dauert eine halbe Stunde bis wir auf der &#8222;Vierspurigen&#8220;, der N12 in Richtung Rennes sind und damit wird uns auch klar, wie die lange Fahrzeit zu Stande kommt &#8211; die \u00dcberlandfahrten sind einfach ein Zeitfresser.<\/p>\n<p>Wir erreichen den Marktplatz in Rennes um 8:40 Uhr und stellen erfreut fest, dass es ein Parkhaus direkt am Markt\u00a0 gibt, das mit 1,60 \u20ac die Stunde auch \u00fcberraschend g\u00fcnstig ist &#8211; perfekt f\u00fcr einen ausgedehnten Marktbesuch. Dank Tiefk\u00fchltruhe in unserem Ferienh\u00e4uschen und K\u00fchlbox im Auto\u00a0 sind wir bestens ausger\u00fcstet.<\/p>\n<p>Der erste Blick f\u00e4llt auf die riesigen Fischst\u00e4nde und wir kaufen begeistert ein, was sich auch als sinnvoll erweist, denn wir stellen sp\u00e4ter fest, dass die Fischst\u00e4nde als erste ausverkauft sind (ab ca. 11 Uhr gibt es dort nur noch &#8222;Reste&#8220;).<\/p>\n<p>Dann schlendern wir durch die beiden Markthallen (Hunde sind kein Problem) und sind vollkommen absorbiert von dem gigantischen Angebot. (Bio-)Fleisch, K\u00e4se, Gefl\u00fcgel, Eier, Brot, Geb\u00e4ck, Honig, Butter &#8211; K\u00f6stlichkeiten wohin das Auge blickt&#8230; Und obwohl ich wei\u00df, dass wir in St. Malo nochmal im &#8222;Maison du Sarrasin&#8220; einkaufen werden, nehme ich auch diverse Buchweizenmehle mit &#8211; ich m\u00f6chte sie einfach ausprobieren, weil ich neugierig bin auf die Geschmacksunterschiede und wir lieben nunmal Buchweizengalette, die es nun wahrscheinlich dreimal die Woche geben wird&#8230;<\/p>\n<p><a href=\"http:\/\/www.calas-welt.de\/wp-content\/uploads\/2022\/08\/Bildschirmfoto-2022-08-31-um-11.56.04.png\"><img loading=\"lazy\" decoding=\"async\" class=\"alignnone size-full wp-image-7233\" src=\"http:\/\/www.calas-welt.de\/wp-content\/uploads\/2022\/08\/Bildschirmfoto-2022-08-31-um-11.56.04.png\" alt=\"\" width=\"948\" height=\"1272\" srcset=\"http:\/\/www.calas-welt.de\/wp-content\/uploads\/2022\/08\/Bildschirmfoto-2022-08-31-um-11.56.04.png 948w, http:\/\/www.calas-welt.de\/wp-content\/uploads\/2022\/08\/Bildschirmfoto-2022-08-31-um-11.56.04-224x300.png 224w, http:\/\/www.calas-welt.de\/wp-content\/uploads\/2022\/08\/Bildschirmfoto-2022-08-31-um-11.56.04-763x1024.png 763w, http:\/\/www.calas-welt.de\/wp-content\/uploads\/2022\/08\/Bildschirmfoto-2022-08-31-um-11.56.04-768x1030.png 768w\" sizes=\"auto, (max-width: 948px) 100vw, 948px\" \/><\/a><\/p>\n<p>Ab ca. 10 Uhr f\u00fcllt sich der Markt immer mehr, was meine Laune sehr tr\u00fcbt, denn man steht\u00a0 den interessanten St\u00e4nden wirklich lange an. Da wir noch Gem\u00fcse brauchen, hat das zur Folge, dass Boris stundenlang mit den Hunden im Schatten steht und auf mich warten muss, au\u00dferdem habe ich die Nase dann wirklich gestrichen voll, bin gereizt und meckere nur noch&#8230; Morgens brauche ich einfach meinen Kaffee und werde komisch, wenn ich nichts zu essen\u00a0 bekommen und so machen wir uns auf, ein Caf\u00e9 zu suchen.<\/p>\n<p>Gleich neben der Kathedrale finden wir eines, das zwar nicht ganz g\u00fcnstig ist, aber sehr nett (auch die Speisen von der Tageskarte sind zu empfehlen!). Und da wir hier gut und sch\u00f6n mit den Hunden im Schatten sitzen, k\u00f6nnen wir nacheinander die wundersch\u00f6ne Kathedrale anschauen &#8211; perfekt&#8230;<\/p>\n<p>Adresse: Bistro Cocagne, 12 Rue des Dames<\/p>\n<p><strong>Fazit und viertes Learning:<br \/>\nDer Wochenmarkt in Rennes lohnt sich unbedingt, ist aber schnell sehr voll. Es ist sinnvoll, fr\u00fch da zu sein, erst ein bisschen zu schlendern und dann aber z\u00fcgig den Einkaufszettel abzuarbeiten, sonst wird es schnell stressig&#8230;\u00a0\u00a0<\/strong><\/p>\n<p>&nbsp;<\/p>\n<p><strong>For\u00eat de la Brocaillande<\/strong><\/p>\n<div id=\"attachment_7237\" style=\"width: 1666px\" class=\"wp-caption alignnone\"><a href=\"http:\/\/www.calas-welt.de\/wp-content\/uploads\/2022\/09\/Bildschirmfoto-2022-09-16-um-17.53.29.png\"><img loading=\"lazy\" decoding=\"async\" aria-describedby=\"caption-attachment-7237\" class=\"wp-image-7237 size-full\" src=\"http:\/\/www.calas-welt.de\/wp-content\/uploads\/2022\/09\/Bildschirmfoto-2022-09-16-um-17.53.29.png\" alt=\"\" width=\"1656\" height=\"1236\" srcset=\"http:\/\/www.calas-welt.de\/wp-content\/uploads\/2022\/09\/Bildschirmfoto-2022-09-16-um-17.53.29.png 1656w, http:\/\/www.calas-welt.de\/wp-content\/uploads\/2022\/09\/Bildschirmfoto-2022-09-16-um-17.53.29-300x224.png 300w, http:\/\/www.calas-welt.de\/wp-content\/uploads\/2022\/09\/Bildschirmfoto-2022-09-16-um-17.53.29-1024x764.png 1024w, http:\/\/www.calas-welt.de\/wp-content\/uploads\/2022\/09\/Bildschirmfoto-2022-09-16-um-17.53.29-768x573.png 768w, http:\/\/www.calas-welt.de\/wp-content\/uploads\/2022\/09\/Bildschirmfoto-2022-09-16-um-17.53.29-1536x1146.png 1536w\" sizes=\"auto, (max-width: 1656px) 100vw, 1656px\" \/><\/a><p id=\"caption-attachment-7237\" class=\"wp-caption-text\">Tr\u00e9horenteuc, For\u00eat de la Brocaillande (Wald der Arthus-Sage): Eglise du Gral, Anschlagtafeln an der Touristeninformation vor der Kirche; hier starten auch die Gruppenf\u00fchrungen<\/p><\/div>\n<p>F\u00fcr den Nachmittag nehmen wir uns vor, einen Abstecher in den For\u00eat de la Brocaillande zu machen &#8211; einen nicht unerheblichen &#8222;Schlenker&#8220;, auf den ich bestanden habe, weil ich ihn &#8211; nat\u00fcrlich von Jean-Luc Bannalec und Kommisar Dupin inspiriert*\u00a0 &#8211; unbedingt sehen wollte.<\/p>\n<p>Der Umweg erweist sich nach dem langen Vormittag und angesichts des hohen Temperaturen als nicht ganz so klug. Boris hat merklich die Schnauze voll und ich will nun aber unbedingt <strong>Tr\u00e9horenteuc<\/strong> (knapp 50 km westlich von Rennes) und Paimpont sehen, koste es, was es wolle. Es ist hei\u00df, die Hunde sind m\u00fcde und hungrig und so richtig Spa\u00df kommt nicht mehr auf.<\/p>\n<p>Trotzdem bin ich sehr beeindruckt von der kleinen Kirche in Tr\u00e9horenteuc und auch im Nachhinein m\u00f6chte ich den Ausflug dann eben doch nicht missen, auch wenn es nur ein Abstecher war und ich mich unter dem Druck der drei anderen Zwei- und Vierbeiner doch versuche zu beeilen. Und ja: hier sind wir nicht allein, viele Touristen besuchen diesen Ort, was uns mal wieder zu einer Diskussion dar\u00fcber f\u00fchrt, ob solcher Touristenziele f\u00fcr uns richtig sind &#8211; ich meine schon, denn sonst verpassen wir auch Sehenswertes, Boris ist der Meinung, er k\u00f6nnte prima darauf verzichten.<\/p>\n<div id=\"attachment_7238\" style=\"width: 1664px\" class=\"wp-caption alignnone\"><a href=\"http:\/\/www.calas-welt.de\/wp-content\/uploads\/2022\/09\/Bildschirmfoto-2022-09-16-um-18.00.06.png\"><img loading=\"lazy\" decoding=\"async\" aria-describedby=\"caption-attachment-7238\" class=\"wp-image-7238 size-full\" src=\"http:\/\/www.calas-welt.de\/wp-content\/uploads\/2022\/09\/Bildschirmfoto-2022-09-16-um-18.00.06.png\" alt=\"\" width=\"1654\" height=\"1232\" srcset=\"http:\/\/www.calas-welt.de\/wp-content\/uploads\/2022\/09\/Bildschirmfoto-2022-09-16-um-18.00.06.png 1654w, http:\/\/www.calas-welt.de\/wp-content\/uploads\/2022\/09\/Bildschirmfoto-2022-09-16-um-18.00.06-300x223.png 300w, http:\/\/www.calas-welt.de\/wp-content\/uploads\/2022\/09\/Bildschirmfoto-2022-09-16-um-18.00.06-1024x763.png 1024w, http:\/\/www.calas-welt.de\/wp-content\/uploads\/2022\/09\/Bildschirmfoto-2022-09-16-um-18.00.06-768x572.png 768w, http:\/\/www.calas-welt.de\/wp-content\/uploads\/2022\/09\/Bildschirmfoto-2022-09-16-um-18.00.06-1536x1144.png 1536w\" sizes=\"auto, (max-width: 1654px) 100vw, 1654px\" \/><\/a><p id=\"caption-attachment-7238\" class=\"wp-caption-text\">Tr\u00e9horenteuc: Im Innern der Eglise du Gral (&#8222;Sainte-Onenne&#8220;) aus dem 17. Jahrhundert &#8211; mit wundersch\u00f6nen Glasfenstern und dem ber\u00fchmten Mosaik mit dem wei\u00dfen Hirsch. Hier finden Kommissar Dupin und seine Kollegen in &#8222;Bretonische Geheimnisse&#8220; das uralte Manuskript, die Urquelle der Arthustexte.<\/p><\/div>\n<p>Sehr gerne w\u00fcrde ich beim n\u00e4chsten Mal sogar eine F\u00fchrung in den Wald machen, die uns an die besonders interessanten Orte &#8211; z.B. das &#8222;Grab des Merlin&#8220; und das &#8222;Haus der Fee Viviane&#8220;\u00a0 f\u00fchren w\u00fcrde. Kann man nat\u00fcrlich auch alles selber suchen (sagt Boris), kann man aber auch ganz einfach im Rahmen einer F\u00fchrung sehen, ohne viel Planungsarbeit zu haben (die an mir h\u00e4ngenbleibt). Da scheiden sich bei uns also wieder die Geister, am Ende des Tage, hat Boris\u00a0 (der so gar kein Gruppenmensch ist), mir aber die Zusage gemacht, dass wir&#8217;s ausprobieren werden&#8230;<\/p>\n<div id=\"attachment_7239\" style=\"width: 1666px\" class=\"wp-caption alignnone\"><a href=\"http:\/\/www.calas-welt.de\/wp-content\/uploads\/2022\/09\/Bildschirmfoto-2022-09-16-um-18.14.58.png\"><img loading=\"lazy\" decoding=\"async\" aria-describedby=\"caption-attachment-7239\" class=\"wp-image-7239 size-full\" src=\"http:\/\/www.calas-welt.de\/wp-content\/uploads\/2022\/09\/Bildschirmfoto-2022-09-16-um-18.14.58.png\" alt=\"\" width=\"1656\" height=\"1238\" srcset=\"http:\/\/www.calas-welt.de\/wp-content\/uploads\/2022\/09\/Bildschirmfoto-2022-09-16-um-18.14.58.png 1656w, http:\/\/www.calas-welt.de\/wp-content\/uploads\/2022\/09\/Bildschirmfoto-2022-09-16-um-18.14.58-300x224.png 300w, http:\/\/www.calas-welt.de\/wp-content\/uploads\/2022\/09\/Bildschirmfoto-2022-09-16-um-18.14.58-1024x766.png 1024w, http:\/\/www.calas-welt.de\/wp-content\/uploads\/2022\/09\/Bildschirmfoto-2022-09-16-um-18.14.58-768x574.png 768w, http:\/\/www.calas-welt.de\/wp-content\/uploads\/2022\/09\/Bildschirmfoto-2022-09-16-um-18.14.58-1536x1148.png 1536w\" sizes=\"auto, (max-width: 1656px) 100vw, 1656px\" \/><\/a><p id=\"caption-attachment-7239\" class=\"wp-caption-text\">Paimpont: Der mystische Waldsee der Arthus-Sage mit seinem rot-schimmernden Grund; Dupins Bar\/Restaurant &#8222;Le Brecilien&#8220;, das aber leider in Wirklichkeit nicht (wie im Roman) direkt am See gelegen ist.<\/p><\/div>\n<p>Schlie\u00dflich fahren wir noch nach <strong>Paimpont<\/strong>, aber da liegen wirklich schon die Nerven blank und Boris schimpft nur noch \u00fcber die Touristen (die meiner Meinung nach die gleiche Daseinsberechtigung haben, wie wir auch&#8230;). Nicht mal ein Kaffee ist mehr drin, nur eine ganz kurze Stippvisite im Ort und und ein paar Fotos am See, dann beschlie\u00dfen wir den Tag und fahren zur\u00fcck nach Plurien (wor\u00fcber ich dann selber auch ganz froh bin&#8230;).<\/p>\n<p>Den Abend lassen wir mit einem leckeren Essen mit all unseren Sch\u00e4tzen auf der Terrasse ausklingen.<\/p>\n<p><a href=\"http:\/\/www.calas-welt.de\/wp-content\/uploads\/2022\/09\/Bildschirmfoto-2022-09-16-um-18.21.49.png\"><img loading=\"lazy\" decoding=\"async\" class=\"alignnone size-full wp-image-7240\" src=\"http:\/\/www.calas-welt.de\/wp-content\/uploads\/2022\/09\/Bildschirmfoto-2022-09-16-um-18.21.49.png\" alt=\"\" width=\"952\" height=\"1266\" srcset=\"http:\/\/www.calas-welt.de\/wp-content\/uploads\/2022\/09\/Bildschirmfoto-2022-09-16-um-18.21.49.png 952w, http:\/\/www.calas-welt.de\/wp-content\/uploads\/2022\/09\/Bildschirmfoto-2022-09-16-um-18.21.49-226x300.png 226w, http:\/\/www.calas-welt.de\/wp-content\/uploads\/2022\/09\/Bildschirmfoto-2022-09-16-um-18.21.49-770x1024.png 770w, http:\/\/www.calas-welt.de\/wp-content\/uploads\/2022\/09\/Bildschirmfoto-2022-09-16-um-18.21.49-768x1021.png 768w, http:\/\/www.calas-welt.de\/wp-content\/uploads\/2022\/09\/Bildschirmfoto-2022-09-16-um-18.21.49-420x560.png 420w\" sizes=\"auto, (max-width: 952px) 100vw, 952px\" \/><\/a><\/p>\n<p><strong>Fazit und ein weiteres Learning:<\/strong><br \/>\n<strong>Viel wollen hei\u00dft nicht, viel erleben. Kommt immer drauf an&#8230;<\/strong><\/p>\n<p>*Kleine Randbemerkung zu Komissar Dupin, auf den ich im n\u00e4chsten Post noch n\u00e4her eingehen werde: Etwa zwei Monate vor dem Urlaub machte Boris mich auf eine Krimi-Serie von Jean-Luc-Bannalec aufmerksam, dessen Romane allesamt in der\u00a0 Bretagne spielen und gespickt sind mit kulturellen Hinweisen und kulinarischen Empfehlungen. Was zu Folge hatte, dass wir wochenlang im H\u00f6rbuch-Fieber waren und dann &#8222;alles&#8220; sehen wollten&#8230;<\/p>\n<p>Wem es genauso geht, findet <a href=\"https:\/\/www.bretagne-reisen.de\/urlaubsvorbereitung\/urlaub-a-la-carte\/rundreisen-in-der-bretagne\/auf-den-spuren-kommissar-dupins\/\">hier<\/a> eine fantastische Website mit allen Dupin-Orten.<\/p>\n<p>Nachtrag:<br \/>\nBoris hat inzwischen ein paar meiner Bretagne-Fotos aufbereitet.<br \/>\nDu findest sie als handsignierte, limitierte Serie hier:<br \/>\n<a href=\"https:\/\/www.etsy.com\/de\/shop\/PauletAnny\">https:\/\/www.etsy.com\/de\/shop\/PauletAnny<\/a><\/p>\n<p>Im Vorbeifahren gesehen und f\u00fcr interessant befunden:<br \/>\n<a href=\"https:\/\/la-drosera.fr\/\">https:\/\/la-drosera.fr\/<\/a><\/p>\n","protected":false},"excerpt":{"rendered":"<p>Eigenwerbung: Ausgesuchte Bretagne-Fotos von mir als limitierte, handsignierte Drucke findest du hier. In den n\u00e4chsten Wochen werde ich hier unseren\u00a0 Sommerurlaub in der Bretagne ein bisschen aufbereiten, nehme euch mit an viele sch\u00f6ne Orte und teile mit euch, was wir erlebt haben. Starten wir also mit den ersten\u00a0 Etappen. 28.07.2022 &#8211; 29.07.2022 Rodgau &#8211; Paris, [&hellip;]<\/p>\n","protected":false},"author":3,"featured_media":0,"comment_status":"open","ping_status":"open","sticky":false,"template":"","format":"standard","meta":{"jetpack_post_was_ever_published":false,"_jetpack_newsletter_access":"","_jetpack_dont_email_post_to_subs":false,"_jetpack_newsletter_tier_id":0,"_jetpack_memberships_contains_paywalled_content":false,"_jetpack_memberships_contains_paid_content":false,"footnotes":"","jetpack_publicize_message":"","jetpack_publicize_feature_enabled":true,"jetpack_social_post_already_shared":true,"jetpack_social_options":{"image_generator_settings":{"template":"highway","default_image_id":0,"font":"","enabled":false},"version":2}},"categories":[1],"tags":[],"class_list":["post-7211","post","type-post","status-publish","format-standard","hentry","category-allgemein"],"jetpack_publicize_connections":[],"jetpack_featured_media_url":"","jetpack_sharing_enabled":true,"jetpack_shortlink":"https:\/\/wp.me\/pahbD2-1Sj","_links":{"self":[{"href":"http:\/\/www.calas-welt.de\/index.php?rest_route=\/wp\/v2\/posts\/7211","targetHints":{"allow":["GET"]}}],"collection":[{"href":"http:\/\/www.calas-welt.de\/index.php?rest_route=\/wp\/v2\/posts"}],"about":[{"href":"http:\/\/www.calas-welt.de\/index.php?rest_route=\/wp\/v2\/types\/post"}],"author":[{"embeddable":true,"href":"http:\/\/www.calas-welt.de\/index.php?rest_route=\/wp\/v2\/users\/3"}],"replies":[{"embeddable":true,"href":"http:\/\/www.calas-welt.de\/index.php?rest_route=%2Fwp%2Fv2%2Fcomments&post=7211"}],"version-history":[{"count":16,"href":"http:\/\/www.calas-welt.de\/index.php?rest_route=\/wp\/v2\/posts\/7211\/revisions"}],"predecessor-version":[{"id":7252,"href":"http:\/\/www.calas-welt.de\/index.php?rest_route=\/wp\/v2\/posts\/7211\/revisions\/7252"}],"wp:attachment":[{"href":"http:\/\/www.calas-welt.de\/index.php?rest_route=%2Fwp%2Fv2%2Fmedia&parent=7211"}],"wp:term":[{"taxonomy":"category","embeddable":true,"href":"http:\/\/www.calas-welt.de\/index.php?rest_route=%2Fwp%2Fv2%2Fcategories&post=7211"},{"taxonomy":"post_tag","embeddable":true,"href":"http:\/\/www.calas-welt.de\/index.php?rest_route=%2Fwp%2Fv2%2Ftags&post=7211"}],"curies":[{"name":"wp","href":"https:\/\/api.w.org\/{rel}","templated":true}]}}