{"id":7254,"date":"2022-10-12T17:24:20","date_gmt":"2022-10-12T17:24:20","guid":{"rendered":"http:\/\/www.calas-welt.de\/?p=7254"},"modified":"2022-10-12T17:25:27","modified_gmt":"2022-10-12T17:25:27","slug":"aktuelle-ausstellung-in-der-schirn-gauri-gill-acts-of-resistance-and-repair-13-10-2022-bis-8-01-2023","status":"publish","type":"post","link":"http:\/\/www.calas-welt.de\/?p=7254","title":{"rendered":"aktuelle Ausstellung in der Schirn: Gauri Gill, Acts of Resistance and Repair (13. 10. 2022 bis 08.01. 2023)"},"content":{"rendered":"<p><a href=\"http:\/\/www.calas-welt.de\/wp-content\/uploads\/2022\/10\/Bildschirmfoto-2022-10-12-um-18.48.09.png\"><img loading=\"lazy\" decoding=\"async\" class=\"alignnone size-full wp-image-7257\" src=\"http:\/\/www.calas-welt.de\/wp-content\/uploads\/2022\/10\/Bildschirmfoto-2022-10-12-um-18.48.09.png\" alt=\"\" width=\"1030\" height=\"1496\" srcset=\"http:\/\/www.calas-welt.de\/wp-content\/uploads\/2022\/10\/Bildschirmfoto-2022-10-12-um-18.48.09.png 1030w, http:\/\/www.calas-welt.de\/wp-content\/uploads\/2022\/10\/Bildschirmfoto-2022-10-12-um-18.48.09-207x300.png 207w, http:\/\/www.calas-welt.de\/wp-content\/uploads\/2022\/10\/Bildschirmfoto-2022-10-12-um-18.48.09-705x1024.png 705w, http:\/\/www.calas-welt.de\/wp-content\/uploads\/2022\/10\/Bildschirmfoto-2022-10-12-um-18.48.09-768x1115.png 768w\" sizes=\"auto, (max-width: 1030px) 100vw, 1030px\" \/><\/a><br \/>\nGauri Gill<br \/>\nActs of Resistance and Repair<br \/>\nSchirn Kunsthalle Frankfurt<br \/>\n13. Oktober 2022 bis 8. Januar 2023<\/p>\n<p>Vorab und zuallererst: Die Ausstellung ist sehr beeindruckend und ich kann euch und Ihnen einen Besuch wirklich nur ans Herz legen.<\/p>\n<p><a href=\"http:\/\/www.calas-welt.de\/wp-content\/uploads\/2022\/10\/Bildschirmfoto-2022-10-12-um-18.54.07.png\"><img loading=\"lazy\" decoding=\"async\" class=\"alignnone size-full wp-image-7258\" src=\"http:\/\/www.calas-welt.de\/wp-content\/uploads\/2022\/10\/Bildschirmfoto-2022-10-12-um-18.54.07.png\" alt=\"\" width=\"1134\" height=\"1506\" srcset=\"http:\/\/www.calas-welt.de\/wp-content\/uploads\/2022\/10\/Bildschirmfoto-2022-10-12-um-18.54.07.png 1134w, http:\/\/www.calas-welt.de\/wp-content\/uploads\/2022\/10\/Bildschirmfoto-2022-10-12-um-18.54.07-226x300.png 226w, http:\/\/www.calas-welt.de\/wp-content\/uploads\/2022\/10\/Bildschirmfoto-2022-10-12-um-18.54.07-771x1024.png 771w, http:\/\/www.calas-welt.de\/wp-content\/uploads\/2022\/10\/Bildschirmfoto-2022-10-12-um-18.54.07-768x1020.png 768w\" sizes=\"auto, (max-width: 1134px) 100vw, 1134px\" \/><\/a><\/p>\n<p>In der Pressekonferenz am 12. Oktober 2022 berichtet Sebastian Baden, Direktor der Schirn Kunsthalle Frankfurt, dass er Gauri Gill vor ein paar Jahren auf der Documenta kennengelernt habe und erkl\u00e4rte sich sehr gl\u00fccklich, ihre Werke nun in der Schirn pr\u00e4sentieren zu k\u00f6nnen.<\/p>\n<p>Die K\u00fcnstlerin wurde 1970 in Nordindien geboren und lebt heute in Neu-Delhi. Sie hat angewandte Kunst studiert (mit Stipendium in den USA), arbeitete zun\u00e4chst als Fotografin und hat sich dann immer mehr der Kunst zugewandt.<\/p>\n<p><a href=\"http:\/\/www.calas-welt.de\/wp-content\/uploads\/2022\/10\/Bildschirmfoto-2022-10-12-um-18.43.26.png\"><img loading=\"lazy\" decoding=\"async\" class=\"alignnone size-full wp-image-7256\" src=\"http:\/\/www.calas-welt.de\/wp-content\/uploads\/2022\/10\/Bildschirmfoto-2022-10-12-um-18.43.26.png\" alt=\"\" width=\"1168\" height=\"1496\" srcset=\"http:\/\/www.calas-welt.de\/wp-content\/uploads\/2022\/10\/Bildschirmfoto-2022-10-12-um-18.43.26.png 1168w, http:\/\/www.calas-welt.de\/wp-content\/uploads\/2022\/10\/Bildschirmfoto-2022-10-12-um-18.43.26-234x300.png 234w, http:\/\/www.calas-welt.de\/wp-content\/uploads\/2022\/10\/Bildschirmfoto-2022-10-12-um-18.43.26-799x1024.png 799w, http:\/\/www.calas-welt.de\/wp-content\/uploads\/2022\/10\/Bildschirmfoto-2022-10-12-um-18.43.26-768x984.png 768w\" sizes=\"auto, (max-width: 1168px) 100vw, 1168px\" \/><\/a><\/p>\n<p>Im Fokus ihres k\u00fcnstlerischen Schaffens stehen die sozialen Gegebenheiten der schw\u00e4chsten Randschichten der Bev\u00f6lkerung im l\u00e4ndlichen Indien, besonders der M\u00e4dchen und Frauen, die sie oft jahrelang begleitet hat.<\/p>\n<p><a href=\"http:\/\/www.calas-welt.de\/wp-content\/uploads\/2022\/10\/Bildschirmfoto-2022-10-12-um-18.57.41.png\"><img loading=\"lazy\" decoding=\"async\" class=\"alignnone size-full wp-image-7259\" src=\"http:\/\/www.calas-welt.de\/wp-content\/uploads\/2022\/10\/Bildschirmfoto-2022-10-12-um-18.57.41.png\" alt=\"\" width=\"1010\" height=\"1504\" srcset=\"http:\/\/www.calas-welt.de\/wp-content\/uploads\/2022\/10\/Bildschirmfoto-2022-10-12-um-18.57.41.png 1010w, http:\/\/www.calas-welt.de\/wp-content\/uploads\/2022\/10\/Bildschirmfoto-2022-10-12-um-18.57.41-201x300.png 201w, http:\/\/www.calas-welt.de\/wp-content\/uploads\/2022\/10\/Bildschirmfoto-2022-10-12-um-18.57.41-688x1024.png 688w, http:\/\/www.calas-welt.de\/wp-content\/uploads\/2022\/10\/Bildschirmfoto-2022-10-12-um-18.57.41-768x1144.png 768w\" sizes=\"auto, (max-width: 1010px) 100vw, 1010px\" \/><\/a><\/p>\n<p>So zeigt die Ausstellung unter anderem Werke aus der Serie \u201eJannat\u201c. Gauri Gill begleitete das muslimische M\u00e4dchen aus einem entlegenen W\u00fcstendorf bei Barmer acht Jahre lang und dokumentierte fotografisch \u201edas prek\u00e4re Leben ihrer vom Vater verlassen Familie in allt\u00e4glichen, oft beil\u00e4ufig erscheinen Situationen.\u201c*<\/p>\n<p><a href=\"http:\/\/www.calas-welt.de\/wp-content\/uploads\/2022\/10\/Bildschirmfoto-2022-10-12-um-19.01.44.png\"><img loading=\"lazy\" decoding=\"async\" class=\"alignnone size-full wp-image-7260\" src=\"http:\/\/www.calas-welt.de\/wp-content\/uploads\/2022\/10\/Bildschirmfoto-2022-10-12-um-19.01.44.png\" alt=\"\" width=\"1166\" height=\"1506\" srcset=\"http:\/\/www.calas-welt.de\/wp-content\/uploads\/2022\/10\/Bildschirmfoto-2022-10-12-um-19.01.44.png 1166w, http:\/\/www.calas-welt.de\/wp-content\/uploads\/2022\/10\/Bildschirmfoto-2022-10-12-um-19.01.44-232x300.png 232w, http:\/\/www.calas-welt.de\/wp-content\/uploads\/2022\/10\/Bildschirmfoto-2022-10-12-um-19.01.44-793x1024.png 793w, http:\/\/www.calas-welt.de\/wp-content\/uploads\/2022\/10\/Bildschirmfoto-2022-10-12-um-19.01.44-768x992.png 768w\" sizes=\"auto, (max-width: 1166px) 100vw, 1166px\" \/><\/a><\/p>\n<p>F\u00fcr die Werkgruppe \u201eActs of Appearance\u201c arbeitete Gauri Gill mit Pappmaschee-K\u00fcnstler:innen. Unter deren Anleitung stellten die Protagonisten der Fotografien ihre eigenen Masken her, mit denen sie sich in inszenierten Alltagssituationen auf den Fotos pr\u00e4sentieren. K\u00fcnstlerisch interessant ist dabei auch, dass die Personen dadurch von reinen Objekten der Darstellung und Fremdwahrnehmung zu Mitwirkenden des Kunstwerkes werden.<\/p>\n<p>Dass die Schirn vor allem mit diesem Zyklus f\u00fcr die Ausstellung wirbt, ist ein bisschen irref\u00fchrend, weil er nur einen kleinen Ausschnitt der umfangreichen Arbeit der K\u00fcnstlerin darstellt. Tats\u00e4chlich ist Gauri Gills Werk sehr vielf\u00e4ltig und breit gef\u00e4chert und die Ausstellung tr\u00e4gt dem auch in hervorragender Weise Rechnung.<\/p>\n<p><a href=\"http:\/\/www.calas-welt.de\/wp-content\/uploads\/2022\/10\/Bildschirmfoto-2022-10-12-um-19.06.34.png\"><img loading=\"lazy\" decoding=\"async\" class=\"alignnone size-full wp-image-7261\" src=\"http:\/\/www.calas-welt.de\/wp-content\/uploads\/2022\/10\/Bildschirmfoto-2022-10-12-um-19.06.34.png\" alt=\"\" width=\"2074\" height=\"1498\" srcset=\"http:\/\/www.calas-welt.de\/wp-content\/uploads\/2022\/10\/Bildschirmfoto-2022-10-12-um-19.06.34.png 2074w, http:\/\/www.calas-welt.de\/wp-content\/uploads\/2022\/10\/Bildschirmfoto-2022-10-12-um-19.06.34-300x217.png 300w, http:\/\/www.calas-welt.de\/wp-content\/uploads\/2022\/10\/Bildschirmfoto-2022-10-12-um-19.06.34-1024x740.png 1024w, http:\/\/www.calas-welt.de\/wp-content\/uploads\/2022\/10\/Bildschirmfoto-2022-10-12-um-19.06.34-768x555.png 768w, http:\/\/www.calas-welt.de\/wp-content\/uploads\/2022\/10\/Bildschirmfoto-2022-10-12-um-19.06.34-1536x1109.png 1536w, http:\/\/www.calas-welt.de\/wp-content\/uploads\/2022\/10\/Bildschirmfoto-2022-10-12-um-19.06.34-2048x1479.png 2048w\" sizes=\"auto, (max-width: 2074px) 100vw, 2074px\" \/><\/a><\/p>\n<p><strong>\u201eListen to the quietest voice in the room &#8211; or the saddest.\u201c<br \/>\n<\/strong>(Gauri Gill)<\/p>\n<p>Esther Schlicht, die Kuratoren der Ausstellung, bezeichnet die Werke Gills als \u201eintime Einblicke in eine von Extremen bestimmte Lebenswelt.\u201c Gauri Gill selbst sieht ihre Werke aber auch als Zeugnisse von \u201esmall acts of r\u00e9sistance and beauty\u201c in einem extrem herausfordernden Leben. In der Pressekonferenz wurde sie gefragt, ob sie sich selbst als Aktivisten sehe, aber sie verneint das: \u201eI don\u2019t see myself as an activist. That&#8217;s a big word and you have to earn it.&#8220;<\/p>\n<p>Vielmehr sei es vor allem ihr Anliegen, dass die Menschen als Betrachter ihrer Werke aufmerksam werden und den &#8222;leisesten Stimmen&#8220; Beachtung schenken. Und solche Stimmen gebe es \u00fcberall auf der Welt, weshalb es ihr auch nicht nur um die indische Gesellschaft gehe, sondern um ein Grundprinzip, n\u00e4mlich sichtbar zu machen, was normalerweise unsichtbar ist.\u00a0 Gerade deshalb sei sie gl\u00fccklich dass ihr Werk auch im Ausland so gro\u00dfeBeachtung findet.<\/p>\n<p>Nach Frankfurt geht die Ausstellung ins Louisiana Museum of Modern Art in Humleb\u00e6k.<\/p>\n<p>Gauri Gill<br \/>\nActs of Resistance and Repair<br \/>\nSchirn Kunsthalle Frankfurt<br \/>\n13. Oktober 2022 bis 8. Januar 2023<br \/>\n#gaurigill #schirn<\/p>\n<p>*Zitate aus der Pressemitteilung\/Pressemappe der Schirn Kunsthalle Frankfurt<\/p>\n","protected":false},"excerpt":{"rendered":"<p>Gauri Gill Acts of Resistance and Repair Schirn Kunsthalle Frankfurt 13. Oktober 2022 bis 8. Januar 2023 Vorab und zuallererst: Die Ausstellung ist sehr beeindruckend und ich kann euch und Ihnen einen Besuch wirklich nur ans Herz legen. In der Pressekonferenz am 12. Oktober 2022 berichtet Sebastian Baden, Direktor der Schirn Kunsthalle Frankfurt, dass er [&hellip;]<\/p>\n","protected":false},"author":3,"featured_media":0,"comment_status":"open","ping_status":"open","sticky":false,"template":"","format":"standard","meta":{"jetpack_post_was_ever_published":false,"_jetpack_newsletter_access":"","_jetpack_dont_email_post_to_subs":false,"_jetpack_newsletter_tier_id":0,"_jetpack_memberships_contains_paywalled_content":false,"_jetpack_memberships_contains_paid_content":false,"footnotes":"","jetpack_publicize_message":"","jetpack_publicize_feature_enabled":true,"jetpack_social_post_already_shared":true,"jetpack_social_options":{"image_generator_settings":{"template":"highway","default_image_id":0,"font":"","enabled":false},"version":2}},"categories":[1],"tags":[],"class_list":["post-7254","post","type-post","status-publish","format-standard","hentry","category-allgemein"],"jetpack_publicize_connections":[],"jetpack_featured_media_url":"","jetpack_sharing_enabled":true,"jetpack_shortlink":"https:\/\/wp.me\/pahbD2-1T0","_links":{"self":[{"href":"http:\/\/www.calas-welt.de\/index.php?rest_route=\/wp\/v2\/posts\/7254","targetHints":{"allow":["GET"]}}],"collection":[{"href":"http:\/\/www.calas-welt.de\/index.php?rest_route=\/wp\/v2\/posts"}],"about":[{"href":"http:\/\/www.calas-welt.de\/index.php?rest_route=\/wp\/v2\/types\/post"}],"author":[{"embeddable":true,"href":"http:\/\/www.calas-welt.de\/index.php?rest_route=\/wp\/v2\/users\/3"}],"replies":[{"embeddable":true,"href":"http:\/\/www.calas-welt.de\/index.php?rest_route=%2Fwp%2Fv2%2Fcomments&post=7254"}],"version-history":[{"count":3,"href":"http:\/\/www.calas-welt.de\/index.php?rest_route=\/wp\/v2\/posts\/7254\/revisions"}],"predecessor-version":[{"id":7263,"href":"http:\/\/www.calas-welt.de\/index.php?rest_route=\/wp\/v2\/posts\/7254\/revisions\/7263"}],"wp:attachment":[{"href":"http:\/\/www.calas-welt.de\/index.php?rest_route=%2Fwp%2Fv2%2Fmedia&parent=7254"}],"wp:term":[{"taxonomy":"category","embeddable":true,"href":"http:\/\/www.calas-welt.de\/index.php?rest_route=%2Fwp%2Fv2%2Fcategories&post=7254"},{"taxonomy":"post_tag","embeddable":true,"href":"http:\/\/www.calas-welt.de\/index.php?rest_route=%2Fwp%2Fv2%2Ftags&post=7254"}],"curies":[{"name":"wp","href":"https:\/\/api.w.org\/{rel}","templated":true}]}}