{"id":7947,"date":"2023-08-20T16:08:46","date_gmt":"2023-08-20T16:08:46","guid":{"rendered":"http:\/\/www.calas-welt.de\/?p=7947"},"modified":"2023-08-20T17:11:18","modified_gmt":"2023-08-20T17:11:18","slug":"ausflug-nach-mainz-wochenmarkt-und-panktratiushof","status":"publish","type":"post","link":"http:\/\/www.calas-welt.de\/?p=7947","title":{"rendered":"Ausflug nach Mainz &#8211; Wochenmarkt und Panktratiushof"},"content":{"rendered":"<p><a href=\"http:\/\/www.calas-welt.de\/wp-content\/uploads\/2023\/08\/IMG_9826-scaled.jpeg\"><img loading=\"lazy\" decoding=\"async\" class=\"alignnone size-full wp-image-7948\" src=\"http:\/\/www.calas-welt.de\/wp-content\/uploads\/2023\/08\/IMG_9826-scaled.jpeg\" alt=\"\" width=\"1920\" height=\"2560\" srcset=\"http:\/\/www.calas-welt.de\/wp-content\/uploads\/2023\/08\/IMG_9826-scaled.jpeg 1920w, http:\/\/www.calas-welt.de\/wp-content\/uploads\/2023\/08\/IMG_9826-225x300.jpeg 225w, http:\/\/www.calas-welt.de\/wp-content\/uploads\/2023\/08\/IMG_9826-768x1024.jpeg 768w, http:\/\/www.calas-welt.de\/wp-content\/uploads\/2023\/08\/IMG_9826-1152x1536.jpeg 1152w, http:\/\/www.calas-welt.de\/wp-content\/uploads\/2023\/08\/IMG_9826-1536x2048.jpeg 1536w, http:\/\/www.calas-welt.de\/wp-content\/uploads\/2023\/08\/IMG_9826-420x560.jpeg 420w\" sizes=\"auto, (max-width: 1920px) 100vw, 1920px\" \/><\/a><\/p>\n<p>Ich zeige euch hier nochmal ein paar Bilder von unserem wundersch\u00f6nen Ausflug nach Mainz und gebe euch ein paar Tipps f\u00fcr einen Besuch.<\/p>\n<p><a href=\"http:\/\/www.calas-welt.de\/wp-content\/uploads\/2023\/08\/Bildschirm\u00adfoto-2023-08-20-um-17.42.31.png\"><img loading=\"lazy\" decoding=\"async\" class=\"alignnone size-full wp-image-7949\" src=\"http:\/\/www.calas-welt.de\/wp-content\/uploads\/2023\/08\/Bildschirm\u00adfoto-2023-08-20-um-17.42.31.png\" alt=\"\" width=\"1504\" height=\"996\" srcset=\"http:\/\/www.calas-welt.de\/wp-content\/uploads\/2023\/08\/Bildschirm\u00adfoto-2023-08-20-um-17.42.31.png 1504w, http:\/\/www.calas-welt.de\/wp-content\/uploads\/2023\/08\/Bildschirm\u00adfoto-2023-08-20-um-17.42.31-300x199.png 300w, http:\/\/www.calas-welt.de\/wp-content\/uploads\/2023\/08\/Bildschirm\u00adfoto-2023-08-20-um-17.42.31-1024x678.png 1024w, http:\/\/www.calas-welt.de\/wp-content\/uploads\/2023\/08\/Bildschirm\u00adfoto-2023-08-20-um-17.42.31-768x509.png 768w\" sizes=\"auto, (max-width: 1504px) 100vw, 1504px\" \/><\/a><\/p>\n<p>Der Mainzer Wochenmarkt (mit dem ber\u00fchmten \u201eWinzerfr\u00fchst\u00fcck\u201c) gilt als einer der sch\u00f6nsten M\u00e4rkte in ganz Deutschland. Vom Angebot her bin ich unschl\u00fcssig: M\u00f6glicherweise waren aufgrund der Ferien in Rheinland-Pfalz nicht alle Marktst\u00e4nde da. Auf jeden Fall ist die \u201eKulisse\u201c rund um den Dom gro\u00dfartig.<\/p>\n<p><a href=\"http:\/\/www.calas-welt.de\/wp-content\/uploads\/2023\/08\/Bildschirm\u00adfoto-2023-08-20-um-17.44.31.png\"><img loading=\"lazy\" decoding=\"async\" class=\"alignnone size-full wp-image-7950\" src=\"http:\/\/www.calas-welt.de\/wp-content\/uploads\/2023\/08\/Bildschirm\u00adfoto-2023-08-20-um-17.44.31.png\" alt=\"\" width=\"1498\" height=\"988\" srcset=\"http:\/\/www.calas-welt.de\/wp-content\/uploads\/2023\/08\/Bildschirm\u00adfoto-2023-08-20-um-17.44.31.png 1498w, http:\/\/www.calas-welt.de\/wp-content\/uploads\/2023\/08\/Bildschirm\u00adfoto-2023-08-20-um-17.44.31-300x198.png 300w, http:\/\/www.calas-welt.de\/wp-content\/uploads\/2023\/08\/Bildschirm\u00adfoto-2023-08-20-um-17.44.31-1024x675.png 1024w, http:\/\/www.calas-welt.de\/wp-content\/uploads\/2023\/08\/Bildschirm\u00adfoto-2023-08-20-um-17.44.31-768x507.png 768w\" sizes=\"auto, (max-width: 1498px) 100vw, 1498px\" \/><\/a><\/p>\n<p>Der Mainzer Dom wurde bereits im 10. Jahrhundert gegr\u00fcndet und 1009 geweiht.<br \/>\n\u00dcber Jahrhunderte hinweg erfolgten diverse Umbauten und Erweiterungen.<br \/>\nWeitere Infos: <a href=\"https:\/\/bistummainz.de\/mainzer-dom\/entdecken\/geschichte\/\">https:\/\/bistummainz.de\/mainzer-dom\/entdecken\/geschichte\/<\/a><\/p>\n<p><a href=\"http:\/\/www.calas-welt.de\/wp-content\/uploads\/2023\/08\/Bildschirm\u00adfoto-2023-08-20-um-17.50.08.png\"><img loading=\"lazy\" decoding=\"async\" class=\"alignnone size-full wp-image-7951\" src=\"http:\/\/www.calas-welt.de\/wp-content\/uploads\/2023\/08\/Bildschirm\u00adfoto-2023-08-20-um-17.50.08.png\" alt=\"\" width=\"1486\" height=\"976\" srcset=\"http:\/\/www.calas-welt.de\/wp-content\/uploads\/2023\/08\/Bildschirm\u00adfoto-2023-08-20-um-17.50.08.png 1486w, http:\/\/www.calas-welt.de\/wp-content\/uploads\/2023\/08\/Bildschirm\u00adfoto-2023-08-20-um-17.50.08-300x197.png 300w, http:\/\/www.calas-welt.de\/wp-content\/uploads\/2023\/08\/Bildschirm\u00adfoto-2023-08-20-um-17.50.08-1024x673.png 1024w, http:\/\/www.calas-welt.de\/wp-content\/uploads\/2023\/08\/Bildschirm\u00adfoto-2023-08-20-um-17.50.08-768x504.png 768w\" sizes=\"auto, (max-width: 1486px) 100vw, 1486px\" \/><\/a><\/p>\n<p>Beeindruckend: Am Rheinufer kann man die Mainm\u00fcndung sehen und die Schiffe beobachten, die aus dem Main in den Rhein einlaufen. Gro\u00dfe Frachter und kuriose &#8222;Eigenbauten&#8220;.<\/p>\n<p><a href=\"http:\/\/www.calas-welt.de\/wp-content\/uploads\/2023\/08\/Bildschirm\u00adfoto-2023-08-20-um-17.51.28.png\"><img loading=\"lazy\" decoding=\"async\" class=\"alignnone size-full wp-image-7952\" src=\"http:\/\/www.calas-welt.de\/wp-content\/uploads\/2023\/08\/Bildschirm\u00adfoto-2023-08-20-um-17.51.28.png\" alt=\"\" width=\"1494\" height=\"978\" srcset=\"http:\/\/www.calas-welt.de\/wp-content\/uploads\/2023\/08\/Bildschirm\u00adfoto-2023-08-20-um-17.51.28.png 1494w, http:\/\/www.calas-welt.de\/wp-content\/uploads\/2023\/08\/Bildschirm\u00adfoto-2023-08-20-um-17.51.28-300x196.png 300w, http:\/\/www.calas-welt.de\/wp-content\/uploads\/2023\/08\/Bildschirm\u00adfoto-2023-08-20-um-17.51.28-1024x670.png 1024w, http:\/\/www.calas-welt.de\/wp-content\/uploads\/2023\/08\/Bildschirm\u00adfoto-2023-08-20-um-17.51.28-768x503.png 768w\" sizes=\"auto, (max-width: 1494px) 100vw, 1494px\" \/><\/a><\/p>\n<p>In den Stra\u00dfen der Altstadt rund um den Dom finden sich zahlreiche kleine Gesch\u00e4fte und laden zum Bummeln ein. In der ganzen Stadt verteilt sind die St\u00e4nde des Winzervereinigung &#8211; offensichtlich hat der Mainzer auch kein Problem damit, schon am fr\u00fchen Morgen einen Schoppen zu nehmen&#8230;<\/p>\n<p>Shoppingtipps:<\/p>\n<p>Kollektiv Mainz, Leichhofstr. 5, Mo \u2013 Sa\u00a0 \u00a010 \u2013 18 Uhr, https:\/\/kollektiv-mainz.de\/<br \/>\nSch\u00f6nes f\u00fcr Zuhause oder zum Verschenken, Schmuck &amp; Kindersachen, insbesondere sehr sch\u00f6ne Papierwaren, z.B. von sansdesign.de aus Freiburg<\/p>\n<p>Weinkonto Ke\u00dfler, Heiliggrabgasse 9, Di &#8211; Fr 10 &#8211; 18 Uhr, Sa 10 &#8211; 16 Uhr http:\/\/www.weinkontor-kessler.de\/<br \/>\nAusgesucht sch\u00f6ner Weinladen mit tollem Sortiment &#8211; f\u00fchren au\u00dfer Wein auch andere Kleinigkeiten, z.B. die Gew\u00fcrze von Pfeffersack &amp; S\u00f6hne<\/p>\n<p><a href=\"http:\/\/www.calas-welt.de\/wp-content\/uploads\/2023\/08\/Bildschirm\u00adfoto-2023-08-20-um-18.05.47.png\"><img loading=\"lazy\" decoding=\"async\" class=\"alignnone size-full wp-image-7956\" src=\"http:\/\/www.calas-welt.de\/wp-content\/uploads\/2023\/08\/Bildschirm\u00adfoto-2023-08-20-um-18.05.47.png\" alt=\"\" width=\"1490\" height=\"982\" srcset=\"http:\/\/www.calas-welt.de\/wp-content\/uploads\/2023\/08\/Bildschirm\u00adfoto-2023-08-20-um-18.05.47.png 1490w, http:\/\/www.calas-welt.de\/wp-content\/uploads\/2023\/08\/Bildschirm\u00adfoto-2023-08-20-um-18.05.47-300x198.png 300w, http:\/\/www.calas-welt.de\/wp-content\/uploads\/2023\/08\/Bildschirm\u00adfoto-2023-08-20-um-18.05.47-1024x675.png 1024w, http:\/\/www.calas-welt.de\/wp-content\/uploads\/2023\/08\/Bildschirm\u00adfoto-2023-08-20-um-18.05.47-768x506.png 768w\" sizes=\"auto, (max-width: 1490px) 100vw, 1490px\" \/><\/a><\/p>\n<p>Der Pankratiushof liegt etwas au\u00dferhalb und bietet neben Fr\u00fchst\u00fcck und Dinner (&#8230;muss man mit gro\u00dfem Vorlauf reservieren) einen ganz tollen Hofladen mit vielen hauseigenen Produkten. Unbedingt probieren: den hausgemachten Mozzarella, die K\u00e4sespezialit\u00e4ten von jamei Laispeis, Kefirbutter vom Jerseyrind und alles (!) aus der Backstube.<br \/>\nWeitere Infos: <a href=\"http:\/\/pankratiushof.de\/\">pankratiushof.de<\/a><\/p>\n<p><a href=\"http:\/\/www.calas-welt.de\/wp-content\/uploads\/2023\/08\/Bildschirm\u00adfoto-2023-08-20-um-18.05.07.png\"><img loading=\"lazy\" decoding=\"async\" class=\"alignnone size-full wp-image-7955\" src=\"http:\/\/www.calas-welt.de\/wp-content\/uploads\/2023\/08\/Bildschirm\u00adfoto-2023-08-20-um-18.05.07.png\" alt=\"\" width=\"1492\" height=\"978\" srcset=\"http:\/\/www.calas-welt.de\/wp-content\/uploads\/2023\/08\/Bildschirm\u00adfoto-2023-08-20-um-18.05.07.png 1492w, http:\/\/www.calas-welt.de\/wp-content\/uploads\/2023\/08\/Bildschirm\u00adfoto-2023-08-20-um-18.05.07-300x197.png 300w, http:\/\/www.calas-welt.de\/wp-content\/uploads\/2023\/08\/Bildschirm\u00adfoto-2023-08-20-um-18.05.07-1024x671.png 1024w, http:\/\/www.calas-welt.de\/wp-content\/uploads\/2023\/08\/Bildschirm\u00adfoto-2023-08-20-um-18.05.07-768x503.png 768w\" sizes=\"auto, (max-width: 1492px) 100vw, 1492px\" \/><\/a><\/p>\n<p>Gerne h\u00e4tten wir unserem Mainz-Besuch mit einem Spaziergang im Lennebergwald abgeschlossen. Das rund 700 Hektar umfassende Waldgebiet geh\u00f6rt zu den beliebtesten Naherholungsgebieten bei Mainz und steht seit 1996 unter Naturschutz.<\/p>\n<p>Allerdings hat das schw\u00fcle Wetter in Kombination mit der Hitze uns (und der Lebensmittelk\u00fchlung\u2026) so zugesetzt, dass wir nach dem Besuch auf dem Pankatriushof beschlossen haben, unseren Ausflug zu beenden und zu Hause in Ruhe unsere Sch\u00e4tze zu genie\u00dfen.<\/p>\n<p>Hast auch du Tipps f\u00fcr einen Besuch in Mainz? Dann kommentiere gerne diesen Beitrag oder den zugeh\u00f6rigen Instagram-Post &#8211; ich freue mich dar\u00fcber, wenn du deine Erfahrungen teilst.<\/p>\n<p>Liebe Gr\u00fc\u00dfe<br \/>\ndeine Cala<\/p>\n<p>Auf dem Weg zum Pankratiushof haben wir \u00fcbrigens noch die \u201eGaustra\u00dfe\u201c entdeckt und f\u00fcr den n\u00e4chsten Besuch notiert: Hier findet man viele kleine Gesch\u00e4fte, Boutiquen, Restaurants, Caf\u00e9s und Bars. Infos: <a href=\"https:\/\/sensor-magazin.de\/gastro-meile-gaustrasse-entwickelt-sich\/\">https:\/\/sensor-magazin.de\/gastro-meile-gaustrasse-entwickelt-sich\/<\/a><\/p>\n","protected":false},"excerpt":{"rendered":"<p>Ich zeige euch hier nochmal ein paar Bilder von unserem wundersch\u00f6nen Ausflug nach Mainz und gebe euch ein paar Tipps f\u00fcr einen Besuch. Der Mainzer Wochenmarkt (mit dem ber\u00fchmten \u201eWinzerfr\u00fchst\u00fcck\u201c) gilt als einer der sch\u00f6nsten M\u00e4rkte in ganz Deutschland. Vom Angebot her bin ich unschl\u00fcssig: M\u00f6glicherweise waren aufgrund der Ferien in Rheinland-Pfalz nicht alle Marktst\u00e4nde [&hellip;]<\/p>\n","protected":false},"author":3,"featured_media":0,"comment_status":"open","ping_status":"open","sticky":false,"template":"","format":"standard","meta":{"jetpack_post_was_ever_published":false,"_jetpack_newsletter_access":"","_jetpack_dont_email_post_to_subs":false,"_jetpack_newsletter_tier_id":0,"_jetpack_memberships_contains_paywalled_content":false,"_jetpack_memberships_contains_paid_content":false,"footnotes":"","jetpack_publicize_message":"","jetpack_publicize_feature_enabled":true,"jetpack_social_post_already_shared":true,"jetpack_social_options":{"image_generator_settings":{"template":"highway","default_image_id":0,"font":"","enabled":false},"version":2}},"categories":[1],"tags":[],"class_list":["post-7947","post","type-post","status-publish","format-standard","hentry","category-allgemein"],"jetpack_publicize_connections":[],"jetpack_featured_media_url":"","jetpack_sharing_enabled":true,"jetpack_shortlink":"https:\/\/wp.me\/pahbD2-24b","_links":{"self":[{"href":"http:\/\/www.calas-welt.de\/index.php?rest_route=\/wp\/v2\/posts\/7947","targetHints":{"allow":["GET"]}}],"collection":[{"href":"http:\/\/www.calas-welt.de\/index.php?rest_route=\/wp\/v2\/posts"}],"about":[{"href":"http:\/\/www.calas-welt.de\/index.php?rest_route=\/wp\/v2\/types\/post"}],"author":[{"embeddable":true,"href":"http:\/\/www.calas-welt.de\/index.php?rest_route=\/wp\/v2\/users\/3"}],"replies":[{"embeddable":true,"href":"http:\/\/www.calas-welt.de\/index.php?rest_route=%2Fwp%2Fv2%2Fcomments&post=7947"}],"version-history":[{"count":6,"href":"http:\/\/www.calas-welt.de\/index.php?rest_route=\/wp\/v2\/posts\/7947\/revisions"}],"predecessor-version":[{"id":7961,"href":"http:\/\/www.calas-welt.de\/index.php?rest_route=\/wp\/v2\/posts\/7947\/revisions\/7961"}],"wp:attachment":[{"href":"http:\/\/www.calas-welt.de\/index.php?rest_route=%2Fwp%2Fv2%2Fmedia&parent=7947"}],"wp:term":[{"taxonomy":"category","embeddable":true,"href":"http:\/\/www.calas-welt.de\/index.php?rest_route=%2Fwp%2Fv2%2Fcategories&post=7947"},{"taxonomy":"post_tag","embeddable":true,"href":"http:\/\/www.calas-welt.de\/index.php?rest_route=%2Fwp%2Fv2%2Ftags&post=7947"}],"curies":[{"name":"wp","href":"https:\/\/api.w.org\/{rel}","templated":true}]}}