{"id":7963,"date":"2023-10-15T18:41:07","date_gmt":"2023-10-15T18:41:07","guid":{"rendered":"http:\/\/www.calas-welt.de\/?p=7963"},"modified":"2023-10-15T18:44:47","modified_gmt":"2023-10-15T18:44:47","slug":"was-fangen-wir-jetzt-nur-ohne-dich-an-queen-anny-14-08-2008-29-09-2023","status":"publish","type":"post","link":"http:\/\/www.calas-welt.de\/?p=7963","title":{"rendered":"Was fangen wir jetzt nur ohne dich an? \u2013 &#8222;Queen&#8220; Anny 14.08.2008 \u2013 29.09.2023"},"content":{"rendered":"<p><a href=\"http:\/\/www.calas-welt.de\/wp-content\/uploads\/2023\/10\/IMG_0696-scaled.jpeg\"><img loading=\"lazy\" decoding=\"async\" class=\"alignnone size-full wp-image-7964\" src=\"http:\/\/www.calas-welt.de\/wp-content\/uploads\/2023\/10\/IMG_0696-scaled.jpeg\" alt=\"\" width=\"1920\" height=\"2560\" srcset=\"http:\/\/www.calas-welt.de\/wp-content\/uploads\/2023\/10\/IMG_0696-scaled.jpeg 1920w, http:\/\/www.calas-welt.de\/wp-content\/uploads\/2023\/10\/IMG_0696-225x300.jpeg 225w, http:\/\/www.calas-welt.de\/wp-content\/uploads\/2023\/10\/IMG_0696-768x1024.jpeg 768w, http:\/\/www.calas-welt.de\/wp-content\/uploads\/2023\/10\/IMG_0696-1152x1536.jpeg 1152w, http:\/\/www.calas-welt.de\/wp-content\/uploads\/2023\/10\/IMG_0696-1536x2048.jpeg 1536w, http:\/\/www.calas-welt.de\/wp-content\/uploads\/2023\/10\/IMG_0696-420x560.jpeg 420w\" sizes=\"auto, (max-width: 1920px) 100vw, 1920px\" \/><\/a><\/p>\n<p style=\"text-align: center;\">Als ich dich zum ersten Mal sah,<br \/>\nwusste ich ohne den leisesten Zweifel,<br \/>\ndass du zu mir geh\u00f6rst.<br \/>\n&#8222;Seelenhunde&#8220; nennt man das, habe ich gelernt. &#8222;Mein Kind&#8220; habe ich dazu gesagt.<\/p>\n<p style=\"text-align: center;\">Seit Senis Tod 2020 warst du mein &#8222;Fels in der Brandung&#8220;.<br \/>\nDich zu sp\u00fcren, dich um mich zu haben, hat mir Kraft gegeben und mich geerdet.<br \/>\nIch habe dich so geliebt und ich hatte dir versprochen, f\u00fcr dich da zu sein.<\/p>\n<p style=\"text-align: center;\">Dass dann alles so schnell gehen w\u00fcrde, h\u00e4tte ich nicht f\u00fcr m\u00f6glich gehalten und ich habe noch immer auf ein Wunder gehofft, als du l\u00e4ngst wusstest,<br \/>\ndass es diesmal keines mehr geben w\u00fcrde.<\/p>\n<p style=\"text-align: center;\">Auch wenn ich jeden Tag versucht habe, dir meine Liebe zu zeigen,<br \/>\nscheint es, als h\u00e4tte nichts davon gereicht.<\/p>\n<p style=\"text-align: center;\">&#8222;Wenn die Sonne des Lebens untergeht, leuchten die Sterne der Erinnerung&#8220;,<br \/>\nhei\u00dft es in einem Sprichwort.<\/p>\n<p style=\"text-align: center;\">Und irgendwie trifft das gerade am besten, was ich f\u00fchle,<br \/>\nauch wenn gerade diese Erinnerungen im Moment so schmerzhaft sind.<\/p>\n<p style=\"text-align: center;\">Mein Specktier. Mein Sternchen. Meine K\u00f6nigin. Mein M\u00e4dchen. Mein \u00d6hn.<\/p>\n<p style=\"text-align: center;\">Ich vermisse dich so.<\/p>\n","protected":false},"excerpt":{"rendered":"<p>Als ich dich zum ersten Mal sah, wusste ich ohne den leisesten Zweifel, dass du zu mir geh\u00f6rst. &#8222;Seelenhunde&#8220; nennt man das, habe ich gelernt. &#8222;Mein Kind&#8220; habe ich dazu gesagt. Seit Senis Tod 2020 warst du mein &#8222;Fels in der Brandung&#8220;. Dich zu sp\u00fcren, dich um mich zu haben, hat mir Kraft gegeben und [&hellip;]<\/p>\n","protected":false},"author":3,"featured_media":0,"comment_status":"open","ping_status":"open","sticky":false,"template":"","format":"standard","meta":{"jetpack_post_was_ever_published":false,"_jetpack_newsletter_access":"","_jetpack_dont_email_post_to_subs":false,"_jetpack_newsletter_tier_id":0,"_jetpack_memberships_contains_paywalled_content":false,"_jetpack_memberships_contains_paid_content":false,"footnotes":"","jetpack_publicize_message":"","jetpack_publicize_feature_enabled":true,"jetpack_social_post_already_shared":true,"jetpack_social_options":{"image_generator_settings":{"template":"highway","default_image_id":0,"font":"","enabled":false},"version":2}},"categories":[1],"tags":[],"class_list":["post-7963","post","type-post","status-publish","format-standard","hentry","category-allgemein"],"jetpack_publicize_connections":[],"jetpack_featured_media_url":"","jetpack_sharing_enabled":true,"jetpack_shortlink":"https:\/\/wp.me\/pahbD2-24r","_links":{"self":[{"href":"http:\/\/www.calas-welt.de\/index.php?rest_route=\/wp\/v2\/posts\/7963","targetHints":{"allow":["GET"]}}],"collection":[{"href":"http:\/\/www.calas-welt.de\/index.php?rest_route=\/wp\/v2\/posts"}],"about":[{"href":"http:\/\/www.calas-welt.de\/index.php?rest_route=\/wp\/v2\/types\/post"}],"author":[{"embeddable":true,"href":"http:\/\/www.calas-welt.de\/index.php?rest_route=\/wp\/v2\/users\/3"}],"replies":[{"embeddable":true,"href":"http:\/\/www.calas-welt.de\/index.php?rest_route=%2Fwp%2Fv2%2Fcomments&post=7963"}],"version-history":[{"count":7,"href":"http:\/\/www.calas-welt.de\/index.php?rest_route=\/wp\/v2\/posts\/7963\/revisions"}],"predecessor-version":[{"id":7971,"href":"http:\/\/www.calas-welt.de\/index.php?rest_route=\/wp\/v2\/posts\/7963\/revisions\/7971"}],"wp:attachment":[{"href":"http:\/\/www.calas-welt.de\/index.php?rest_route=%2Fwp%2Fv2%2Fmedia&parent=7963"}],"wp:term":[{"taxonomy":"category","embeddable":true,"href":"http:\/\/www.calas-welt.de\/index.php?rest_route=%2Fwp%2Fv2%2Fcategories&post=7963"},{"taxonomy":"post_tag","embeddable":true,"href":"http:\/\/www.calas-welt.de\/index.php?rest_route=%2Fwp%2Fv2%2Ftags&post=7963"}],"curies":[{"name":"wp","href":"https:\/\/api.w.org\/{rel}","templated":true}]}}