{"id":7973,"date":"2023-11-01T17:03:29","date_gmt":"2023-11-01T17:03:29","guid":{"rendered":"http:\/\/www.calas-welt.de\/?p=7973"},"modified":"2023-11-01T17:14:52","modified_gmt":"2023-11-01T17:14:52","slug":"lyonel-feininger-grosse-retrospektive-in-der-schirn-kunsthalle-frankfurt","status":"publish","type":"post","link":"http:\/\/www.calas-welt.de\/?p=7973","title":{"rendered":"Lyonel Feininger &#8211; gro\u00dfe Retrospektive in der Schirn Kunsthalle Frankfurt"},"content":{"rendered":"<p><a href=\"http:\/\/www.calas-welt.de\/wp-content\/uploads\/2023\/11\/IMG_1183-scaled.jpeg\"><img loading=\"lazy\" decoding=\"async\" class=\"alignnone size-full wp-image-7974\" src=\"http:\/\/www.calas-welt.de\/wp-content\/uploads\/2023\/11\/IMG_1183-scaled.jpeg\" alt=\"\" width=\"1920\" height=\"2560\" srcset=\"http:\/\/www.calas-welt.de\/wp-content\/uploads\/2023\/11\/IMG_1183-scaled.jpeg 1920w, http:\/\/www.calas-welt.de\/wp-content\/uploads\/2023\/11\/IMG_1183-225x300.jpeg 225w, http:\/\/www.calas-welt.de\/wp-content\/uploads\/2023\/11\/IMG_1183-768x1024.jpeg 768w, http:\/\/www.calas-welt.de\/wp-content\/uploads\/2023\/11\/IMG_1183-1152x1536.jpeg 1152w, http:\/\/www.calas-welt.de\/wp-content\/uploads\/2023\/11\/IMG_1183-1536x2048.jpeg 1536w, http:\/\/www.calas-welt.de\/wp-content\/uploads\/2023\/11\/IMG_1183-420x560.jpeg 420w\" sizes=\"auto, (max-width: 1920px) 100vw, 1920px\" \/><\/a><\/p>\n<p>Die Schirn Kunsthalle Frankfurt zeigt unter dem Titel \u201eLyonel Feininger\u201c noch bis 18. Februar 2024 eine gro\u00dfartige Retrospektive der Werke Feiningers.<\/p>\n<p>Spezielles Thema der Ausstellung ist die Frage, wie sich Themen bei Feininger wiederholen, wo also der rote Faden in seiner Kunst ist.<\/p>\n<p>Seine Gem\u00e4lde sind vor allem aufgrund der au\u00dfergew\u00f6hnlichen Farben, aber auch wegen seines sehr speziellen Ausdrucks ber\u00fchmt. Er hat schr\u00e4ge Perspektiven, die zum Teil von der Realit\u00e4t v\u00f6llig losgel\u00f6st sind. Seine Malerei ist gepr\u00e4gt von starker Verdichtung und einem inneren Bild, das stets einen \u00dcberw\u00e4ltigungseffekt anstrebt. Damit ist er ein klassischer Expressionist &#8211; das innere Bild des K\u00fcnstlers z\u00e4hlt.<\/p>\n<div id=\"attachment_7975\" style=\"width: 1930px\" class=\"wp-caption alignnone\"><a href=\"http:\/\/www.calas-welt.de\/wp-content\/uploads\/2023\/11\/IMG_1191-scaled.jpeg\"><img loading=\"lazy\" decoding=\"async\" aria-describedby=\"caption-attachment-7975\" class=\"size-full wp-image-7975\" src=\"http:\/\/www.calas-welt.de\/wp-content\/uploads\/2023\/11\/IMG_1191-scaled.jpeg\" alt=\"\" width=\"1920\" height=\"2560\" srcset=\"http:\/\/www.calas-welt.de\/wp-content\/uploads\/2023\/11\/IMG_1191-scaled.jpeg 1920w, http:\/\/www.calas-welt.de\/wp-content\/uploads\/2023\/11\/IMG_1191-225x300.jpeg 225w, http:\/\/www.calas-welt.de\/wp-content\/uploads\/2023\/11\/IMG_1191-768x1024.jpeg 768w, http:\/\/www.calas-welt.de\/wp-content\/uploads\/2023\/11\/IMG_1191-1152x1536.jpeg 1152w, http:\/\/www.calas-welt.de\/wp-content\/uploads\/2023\/11\/IMG_1191-1536x2048.jpeg 1536w, http:\/\/www.calas-welt.de\/wp-content\/uploads\/2023\/11\/IMG_1191-420x560.jpeg 420w\" sizes=\"auto, (max-width: 1920px) 100vw, 1920px\" \/><\/a><p id=\"caption-attachment-7975\" class=\"wp-caption-text\">Konrad Feininger, der Enkel von Lyonel Feininger (hier vor dem Selbstportrait seines Gro\u00dfvaters) wird im Begleitprogramm zur Ausstellung aus Briefen seines Gro\u00dfvaters vorlesen.<\/p><\/div>\n<p>Feiningers Interesse gilt vor allem dem Licht, der Struktur, Aufsichten, Untersichten und diversen Experimenten &#8211; zum Beispiel Fehlern, die beim Entwickeln von Fotos entstehen und die er zum Teil des Kunstwerks macht.<\/p>\n<p>Auch bestimmte Themen greift er immer wieder auf. So malt er zwischen 1906 und 1955 insgesamt zehnmal die kleine Dorfkirche von Gelmeroda, die Werke sind heute \u00fcber die ganze Welt verstreut. Der Schirn gelingt es, f\u00fcnf Gem\u00e4lde dieser Werkgruppe f\u00fcr die Ausstellung zusammenzuf\u00fchren &#8211; auch f\u00fcr die Kuratoren Ingrid Pfeifer sei dieses Zusammentreffen der Werke ein \u00fcberw\u00e4ltigender Moment gewesen, wie sie in der Pressekonferenz betont.<\/p>\n<p><a href=\"http:\/\/www.calas-welt.de\/wp-content\/uploads\/2023\/11\/IMG_1203-scaled.jpeg\"><img loading=\"lazy\" decoding=\"async\" class=\"alignnone size-full wp-image-7976\" src=\"http:\/\/www.calas-welt.de\/wp-content\/uploads\/2023\/11\/IMG_1203-scaled.jpeg\" alt=\"\" width=\"1920\" height=\"2560\" srcset=\"http:\/\/www.calas-welt.de\/wp-content\/uploads\/2023\/11\/IMG_1203-scaled.jpeg 1920w, http:\/\/www.calas-welt.de\/wp-content\/uploads\/2023\/11\/IMG_1203-225x300.jpeg 225w, http:\/\/www.calas-welt.de\/wp-content\/uploads\/2023\/11\/IMG_1203-768x1024.jpeg 768w, http:\/\/www.calas-welt.de\/wp-content\/uploads\/2023\/11\/IMG_1203-1152x1536.jpeg 1152w, http:\/\/www.calas-welt.de\/wp-content\/uploads\/2023\/11\/IMG_1203-1536x2048.jpeg 1536w, http:\/\/www.calas-welt.de\/wp-content\/uploads\/2023\/11\/IMG_1203-420x560.jpeg 420w\" sizes=\"auto, (max-width: 1920px) 100vw, 1920px\" \/><\/a><\/p>\n<p>Feininger schuf Karikaturen, Gem\u00e4lde, Zeichnungen und Fotografien. Die Ausstellung zeigt au\u00dferdem auch Holzspielzeug, das er f\u00fcr seine Kinder herstellte.<\/p>\n<p>Feininger war er \u00fcber 50 Jahre in Deutschland t\u00e4tig und hat sich entsprechend mit Deutschland identifiziert. Allerdings beh\u00e4lt er sein Leben lang die amerikanische Staatsb\u00fcrgerschaft.<\/p>\n<p>Er wird am 17. Juli 1871 in New York geboren. 1887 \u2013 Feininger ist 16 Jahre alt &#8211; zieht die Familie nach Deutschland, wo er an der Hamburger Gewerbeschule Zeichenunterricht nimmt. Ein Jahr sp\u00e4ter zieht er nach Berlin.<\/p>\n<p>Es folgen Ausbildungen an verschiedenen Akademien, unter anderem im Coll\u00e8ge Saint Servais in L\u00fcttich, an die K\u00f6niglichen Akademie in Berlin an der Acad\u00e9mie Colarossi in Paris.<\/p>\n<p>1901 heiratet Feininger Clara F\u00fcrst und bekommt mit ihr zwei T\u00f6chter.<\/p>\n<p><a href=\"http:\/\/www.calas-welt.de\/wp-content\/uploads\/2023\/11\/IMG_1252-scaled.jpeg\"><img loading=\"lazy\" decoding=\"async\" class=\"wp-image-7979 size-full\" src=\"http:\/\/www.calas-welt.de\/wp-content\/uploads\/2023\/11\/IMG_1252-scaled.jpeg\" alt=\"\" width=\"1920\" height=\"2560\" srcset=\"http:\/\/www.calas-welt.de\/wp-content\/uploads\/2023\/11\/IMG_1252-scaled.jpeg 1920w, http:\/\/www.calas-welt.de\/wp-content\/uploads\/2023\/11\/IMG_1252-225x300.jpeg 225w, http:\/\/www.calas-welt.de\/wp-content\/uploads\/2023\/11\/IMG_1252-768x1024.jpeg 768w, http:\/\/www.calas-welt.de\/wp-content\/uploads\/2023\/11\/IMG_1252-1152x1536.jpeg 1152w, http:\/\/www.calas-welt.de\/wp-content\/uploads\/2023\/11\/IMG_1252-1536x2048.jpeg 1536w, http:\/\/www.calas-welt.de\/wp-content\/uploads\/2023\/11\/IMG_1252-420x560.jpeg 420w\" sizes=\"auto, (max-width: 1920px) 100vw, 1920px\" \/><\/a><\/p>\n<p><span style=\"font-size: 15px; font-family: 'Libre Baskerville', Georgia, serif;\">1903 begegnet er der K\u00fcnstlerin Julia Berg. Beide trennen sich sofort von ihren Ehepartnern, gehen zusammen nach Paris und bekommen einen Sohn. Feininger beginnt zu malen.<\/span><\/p>\n<p>1908 heiraten die beiden und ziehen zur\u00fcck nach Berlin. Sie bekommen zwei weitere S\u00f6hne.<\/p>\n<p>1937 \u00fcbersiedelt das Ehepaar aufgrund der politischen Lage in Deutschland nach New York. Die Nationalsozialisten diffamieren Feininger als &#8222;entarteten K\u00fcnstler&#8220; und beschlagnahmen 400 seiner Werke aus deutschen Museen. 19 Bilder werden in der Ausstellung &#8222;Entartete Kunst&#8220; gezeigt.<\/p>\n<p>1956 stirbt Feininger in New York.<\/p>\n<p><a href=\"http:\/\/www.calas-welt.de\/wp-content\/uploads\/2023\/11\/IMG_1208-scaled.jpeg\"><img loading=\"lazy\" decoding=\"async\" class=\"alignnone size-full wp-image-7977\" src=\"http:\/\/www.calas-welt.de\/wp-content\/uploads\/2023\/11\/IMG_1208-scaled.jpeg\" alt=\"\" width=\"1920\" height=\"2560\" srcset=\"http:\/\/www.calas-welt.de\/wp-content\/uploads\/2023\/11\/IMG_1208-scaled.jpeg 1920w, http:\/\/www.calas-welt.de\/wp-content\/uploads\/2023\/11\/IMG_1208-225x300.jpeg 225w, http:\/\/www.calas-welt.de\/wp-content\/uploads\/2023\/11\/IMG_1208-768x1024.jpeg 768w, http:\/\/www.calas-welt.de\/wp-content\/uploads\/2023\/11\/IMG_1208-1152x1536.jpeg 1152w, http:\/\/www.calas-welt.de\/wp-content\/uploads\/2023\/11\/IMG_1208-1536x2048.jpeg 1536w, http:\/\/www.calas-welt.de\/wp-content\/uploads\/2023\/11\/IMG_1208-420x560.jpeg 420w\" sizes=\"auto, (max-width: 1920px) 100vw, 1920px\" \/><\/a><\/p>\n<p>Lyonel Feininger ist ein \u00e4u\u00dferst vielseitiger K\u00fcnstler, der ein sehr gro\u00dfes Werk hinterlassen hat &#8211; vieles von ihm ist in der \u00d6ffentlichkeit noch v\u00f6llig unbekannt. Entsprechend vielseitig ist die wunderbare Ausstellung in der Schirn f\u00fcr die sich ganz sicher sogar eine Reise nach Frankfurt lohnt.<\/p>\n<p>Der Katalog zur Ausstellung pr\u00e4sentiert den neusten Stand der Feininger-Forschung.<\/p>\n<p>Das kostenfreie Digitorial zur Ausstellung ist\u00a0 abrufbar unter <a href=\"https:\/\/amxe.net\/ye95ou0n-rfqd5k34-62fdx6nr-x4z\">feininger.schirn.de<\/a>.<\/p>\n<p>(c) Carmen-Daniela Leuschen, 01.11.2023<\/p>\n<p>&nbsp;<\/p>\n","protected":false},"excerpt":{"rendered":"<p>Die Schirn Kunsthalle Frankfurt zeigt unter dem Titel \u201eLyonel Feininger\u201c noch bis 18. Februar 2024 eine gro\u00dfartige Retrospektive der Werke Feiningers. Spezielles Thema der Ausstellung ist die Frage, wie sich Themen bei Feininger wiederholen, wo also der rote Faden in seiner Kunst ist. Seine Gem\u00e4lde sind vor allem aufgrund der au\u00dfergew\u00f6hnlichen Farben, aber auch wegen [&hellip;]<\/p>\n","protected":false},"author":3,"featured_media":0,"comment_status":"open","ping_status":"open","sticky":false,"template":"","format":"standard","meta":{"jetpack_post_was_ever_published":false,"_jetpack_newsletter_access":"","_jetpack_dont_email_post_to_subs":false,"_jetpack_newsletter_tier_id":0,"_jetpack_memberships_contains_paywalled_content":false,"_jetpack_memberships_contains_paid_content":false,"footnotes":"","jetpack_publicize_message":"","jetpack_publicize_feature_enabled":true,"jetpack_social_post_already_shared":true,"jetpack_social_options":{"image_generator_settings":{"template":"highway","default_image_id":0,"font":"","enabled":false},"version":2}},"categories":[1],"tags":[],"class_list":["post-7973","post","type-post","status-publish","format-standard","hentry","category-allgemein"],"jetpack_publicize_connections":[],"jetpack_featured_media_url":"","jetpack_sharing_enabled":true,"jetpack_shortlink":"https:\/\/wp.me\/pahbD2-24B","_links":{"self":[{"href":"http:\/\/www.calas-welt.de\/index.php?rest_route=\/wp\/v2\/posts\/7973","targetHints":{"allow":["GET"]}}],"collection":[{"href":"http:\/\/www.calas-welt.de\/index.php?rest_route=\/wp\/v2\/posts"}],"about":[{"href":"http:\/\/www.calas-welt.de\/index.php?rest_route=\/wp\/v2\/types\/post"}],"author":[{"embeddable":true,"href":"http:\/\/www.calas-welt.de\/index.php?rest_route=\/wp\/v2\/users\/3"}],"replies":[{"embeddable":true,"href":"http:\/\/www.calas-welt.de\/index.php?rest_route=%2Fwp%2Fv2%2Fcomments&post=7973"}],"version-history":[{"count":4,"href":"http:\/\/www.calas-welt.de\/index.php?rest_route=\/wp\/v2\/posts\/7973\/revisions"}],"predecessor-version":[{"id":7983,"href":"http:\/\/www.calas-welt.de\/index.php?rest_route=\/wp\/v2\/posts\/7973\/revisions\/7983"}],"wp:attachment":[{"href":"http:\/\/www.calas-welt.de\/index.php?rest_route=%2Fwp%2Fv2%2Fmedia&parent=7973"}],"wp:term":[{"taxonomy":"category","embeddable":true,"href":"http:\/\/www.calas-welt.de\/index.php?rest_route=%2Fwp%2Fv2%2Fcategories&post=7973"},{"taxonomy":"post_tag","embeddable":true,"href":"http:\/\/www.calas-welt.de\/index.php?rest_route=%2Fwp%2Fv2%2Ftags&post=7973"}],"curies":[{"name":"wp","href":"https:\/\/api.w.org\/{rel}","templated":true}]}}