{"id":7991,"date":"2024-02-16T18:32:28","date_gmt":"2024-02-16T18:32:28","guid":{"rendered":"https:\/\/www.calas-welt.de\/?p=7991"},"modified":"2024-02-16T18:32:28","modified_gmt":"2024-02-16T18:32:28","slug":"marcel-will-lena-heissen-unser-kinderbuchprojekt-und-warum-wir-deine-hilfe-brauchen","status":"publish","type":"post","link":"http:\/\/www.calas-welt.de\/?p=7991","title":{"rendered":"Marcel will Lena hei\u00dfen &#8211; Unser Kinderbuchprojekt und warum wir deine Hilfe brauchen"},"content":{"rendered":"<p><a href=\"https:\/\/www.calas-welt.de\/wp-content\/uploads\/2024\/02\/Bildschirm\u00adfoto-2024-02-16-um-19.05.56.png\"><img loading=\"lazy\" decoding=\"async\" class=\"alignnone size-full wp-image-7992\" src=\"https:\/\/www.calas-welt.de\/wp-content\/uploads\/2024\/02\/Bildschirm\u00adfoto-2024-02-16-um-19.05.56.png\" alt=\"\" width=\"530\" height=\"420\" srcset=\"http:\/\/www.calas-welt.de\/wp-content\/uploads\/2024\/02\/Bildschirm\u00adfoto-2024-02-16-um-19.05.56.png 530w, http:\/\/www.calas-welt.de\/wp-content\/uploads\/2024\/02\/Bildschirm\u00adfoto-2024-02-16-um-19.05.56-300x238.png 300w\" sizes=\"auto, (max-width: 530px) 100vw, 530px\" \/><\/a><\/p>\n<p>Zusammen mit der wunderbaren Illustratorin Mareke Bokelmann (Instagram salzwassertinte) habe ich ein Kinderbuch zum Thema <strong>Gendervielfalt &amp; Rollenklischees<\/strong> geschrieben.<\/p>\n<p>Unser Ziel ist es, kleinen und gro\u00dfen Menschen zu helfen, die eigene Pers\u00f6nlichkeit au\u00dferhalb von Rollenklischees und Jungen-\/M\u00e4dchen-Schubladen zu entwickeln.<\/p>\n<p>Marcel \u2013 der eben manchmal auch gerne Lena sein w\u00fcrde &#8211; nimmt uns in allt\u00e4gliche Situationen mit und zeigt uns, dass die Welt nicht schwarz-wei\u00df ist. Sie l\u00e4dt ein, die eigenen Vorstellungen und Glaubenss\u00e4tze zu hinterfragen, damit Menschen sich frei entfalten und jenseits von vorgefertigten Meinungen und Erwartungen aufwachsen k\u00f6nnen.<\/p>\n<p><a href=\"https:\/\/www.calas-welt.de\/wp-content\/uploads\/2024\/02\/Bildschirm\u00adfoto-2024-02-16-um-19.06.10.png\"><img loading=\"lazy\" decoding=\"async\" class=\"alignnone size-full wp-image-7993\" src=\"https:\/\/www.calas-welt.de\/wp-content\/uploads\/2024\/02\/Bildschirm\u00adfoto-2024-02-16-um-19.06.10.png\" alt=\"\" width=\"778\" height=\"472\" srcset=\"http:\/\/www.calas-welt.de\/wp-content\/uploads\/2024\/02\/Bildschirm\u00adfoto-2024-02-16-um-19.06.10.png 778w, http:\/\/www.calas-welt.de\/wp-content\/uploads\/2024\/02\/Bildschirm\u00adfoto-2024-02-16-um-19.06.10-300x182.png 300w, http:\/\/www.calas-welt.de\/wp-content\/uploads\/2024\/02\/Bildschirm\u00adfoto-2024-02-16-um-19.06.10-768x466.png 768w\" sizes=\"auto, (max-width: 778px) 100vw, 778px\" \/><\/a><\/p>\n<p>Wieso sagt Paul, dass M\u00e4dchen nicht Fu\u00dfball spielen k\u00f6nnen? Wer bestimmt, wer ich bin und wie ich zu sein habe? Wieso darf ich nicht selber entscheiden, was ich sch\u00f6n finde, wie ich hei\u00dfen und wie ich aussehen m\u00f6chte? Und warum versteht mich manchmal nicht mal mein bester Freund? Mama und Papa machen Mut, die Meinungen anderer nicht als ultimative Wahrheit zu akzeptieren und helfen Marcel, sie selbst zu sein und sich nicht an den Erwartungen anderer zu orientieren.<\/p>\n<p>F\u00fcr die Gestaltung und die Idee zum Buch haben wir sehr viel Lob erhalten und mehrfach geh\u00f6rt, dass unser Kinderbuch eine gro\u00dfe Bereicherung auf dem Buchmarkt w\u00e4re. Tats\u00e4chlich hatten wir Ende 2023 auch schon die m\u00fcndliche Zusage eines Verlages f\u00fcr die Umsetzung und standen vor der Vertragsunterzeichnung. Im allerletzten Moment hat der Verlag dann \u2013 ohne Gr\u00fcnde zu nennen &#8211; einen R\u00fcckzieher gemacht. Wir vermuten, dass es interne Konflikte gab, die gar nichts mit unserem Projekt zu tun haben. Trotzdem war das sehr ern\u00fcchternd und entt\u00e4uschend f\u00fcr uns.<\/p>\n<p>Dann folgte das Nachdenken, Rechnen und \u00dcberlegen und schlie\u00dflich das Eingest\u00e4ndnis, dass unsere eigenen finanziellen Mittel nicht reichen werden, um das Buch auf den Markt zu bringen.<\/p>\n<p><a href=\"https:\/\/www.calas-welt.de\/wp-content\/uploads\/2024\/02\/Bildschirm\u00adfoto-2024-02-16-um-19.06.36.png\"><img loading=\"lazy\" decoding=\"async\" class=\"alignnone size-full wp-image-7994\" src=\"https:\/\/www.calas-welt.de\/wp-content\/uploads\/2024\/02\/Bildschirm\u00adfoto-2024-02-16-um-19.06.36.png\" alt=\"\" width=\"808\" height=\"512\" srcset=\"http:\/\/www.calas-welt.de\/wp-content\/uploads\/2024\/02\/Bildschirm\u00adfoto-2024-02-16-um-19.06.36.png 808w, http:\/\/www.calas-welt.de\/wp-content\/uploads\/2024\/02\/Bildschirm\u00adfoto-2024-02-16-um-19.06.36-300x190.png 300w, http:\/\/www.calas-welt.de\/wp-content\/uploads\/2024\/02\/Bildschirm\u00adfoto-2024-02-16-um-19.06.36-768x487.png 768w\" sizes=\"auto, (max-width: 808px) 100vw, 808px\" \/><\/a><\/p>\n<p>Und hier kommt ihr ins Spiel:<\/p>\n<p>Bevor wir die Flinte ins Korn werfen, haben wir jetzt bei startnext eine Kampagne gestartet. Was wir brauchen, sind 2000 \u20ac als Anschubfinanzierung f\u00fcr den Druck der ersten 100 Exemplare. Im Vergleich zu anderen Projekten auf starnext ist das gar nicht so viel. Und nachdem wir beide \u2013 Mareke und ich \u2013 Menschen sind, die selber oft andere unterst\u00fctzt haben, hoffen wir, dass es okay ist, wenn wir jetzt um Unterst\u00fctzung bitten (auch wenn uns dieser Schritt ncht ganz leicht f\u00e4llt&#8230;<\/p>\n<p><strong>Was k\u00f6nnt ihr tun?<\/strong><\/p>\n<p><strong>1. Die Kampagne auf startnext unterst\u00fctzen (<a href=\"https:\/\/www.startnext.com\/marcel\">hier<\/a>)<\/strong><\/p>\n<p>Startnext ist eine deutsche Crowdfunding-Plattform f\u00fcr die Finanzierung von Ideen, Projekten und Startup-Unternehmen und auf diesem Gebiet Marktf\u00fchrer in Deutschland.<br \/>\nEs handelt sich also um eine etablierte und vollkommen seri\u00f6se Plattform.<\/p>\n<p>Wir w\u00fcrden uns riesig freuen, wenn du uns hier unterst\u00fctzt &#8211; als Dankesch\u00f6n kannst du das Buch in verschiedenen Versionen vorbestellen, aber auch Postkarten und Sticker mit Marekes wunderbaren Zeichnungen bekommen.<\/p>\n<p>Wenn du ein &#8222;Paket&#8220; buchst oder eine Spende ohne Dankesch\u00f6n dal\u00e4sst, hinterlegst du eine Kreditkartennummer oder eine Bankverbindung. <strong>Der Betrag wird erst dann belastet, wenn das Finanzierungsziel erreicht ist und die Kampagne erfolgreich war.<\/strong> Du gehst also keinerlei Risiko ein. Ich selber habe auch schon Projekte \u00fcber Startnext unterst\u00fctzt und kann dir versichern, dass das eine absolut vertrauensw\u00fcrdige Plattform ist.<\/p>\n<p><strong>2. Per Paypal spenden<\/strong><\/p>\n<p>Wenn du nicht \u00fcber Startnext unterst\u00fctzen m\u00f6chtest, kannst du auch &#8211; ohne Dankesch\u00f6n &#8211; per Paypal direkt f\u00fcr das Projekt spenden. Hierf\u00fcr verwende bitte diesen Link <a href=\"https:\/\/www.paypal.com\/pools\/c\/91YxcX7LJV\">hier<\/a>.<\/p>\n<p>Bitte z\u00f6gere nicht, auch einen Mini-Betrag zu schicken. Wenn 2000 Leute je einen Euro spenden, haben wir unser Ziel auch erreicht&#8230;<\/p>\n<p><strong>3. Die Links in den soziallen Medien teilen<\/strong><\/p>\n<p><strong>Startnext<\/strong><br \/>\nhttps:\/\/www.startnext.com\/marcel<\/p>\n<p><strong>Paypal<\/strong><br \/>\nhttps:\/\/www.paypal.com\/pools\/c\/91YxcX7LJV<\/p>\n<p>Das Teilen des Links und die Vermittlung von Kontakten zu Menschen, die das Projekt m\u00f6glicherweise voranbringen k\u00f6nnten, hilft uns sehr. Danke an alle, die uns auf diese Weise unterst\u00fctzen.<\/p>\n<p>Allen, die uns und Marcel helfen, sichtbar zu werden ein herzliches Dankesch\u00f6n!<\/p>\n<p>Carmen &amp; Mareke<\/p>\n<p>&nbsp;<\/p>\n","protected":false},"excerpt":{"rendered":"<p>Zusammen mit der wunderbaren Illustratorin Mareke Bokelmann (Instagram salzwassertinte) habe ich ein Kinderbuch zum Thema Gendervielfalt &amp; Rollenklischees geschrieben. Unser Ziel ist es, kleinen und gro\u00dfen Menschen zu helfen, die eigene Pers\u00f6nlichkeit au\u00dferhalb von Rollenklischees und Jungen-\/M\u00e4dchen-Schubladen zu entwickeln. Marcel \u2013 der eben manchmal auch gerne Lena sein w\u00fcrde &#8211; nimmt uns in allt\u00e4gliche Situationen [&hellip;]<\/p>\n","protected":false},"author":3,"featured_media":0,"comment_status":"open","ping_status":"open","sticky":false,"template":"","format":"standard","meta":{"jetpack_post_was_ever_published":false,"_jetpack_newsletter_access":"","_jetpack_dont_email_post_to_subs":false,"_jetpack_newsletter_tier_id":0,"_jetpack_memberships_contains_paywalled_content":false,"_jetpack_memberships_contains_paid_content":false,"footnotes":"","jetpack_publicize_message":"","jetpack_publicize_feature_enabled":true,"jetpack_social_post_already_shared":true,"jetpack_social_options":{"image_generator_settings":{"template":"highway","default_image_id":0,"font":"","enabled":false},"version":2}},"categories":[1],"tags":[],"class_list":["post-7991","post","type-post","status-publish","format-standard","hentry","category-allgemein"],"jetpack_publicize_connections":[],"jetpack_featured_media_url":"","jetpack_sharing_enabled":true,"jetpack_shortlink":"https:\/\/wp.me\/pahbD2-24T","_links":{"self":[{"href":"http:\/\/www.calas-welt.de\/index.php?rest_route=\/wp\/v2\/posts\/7991","targetHints":{"allow":["GET"]}}],"collection":[{"href":"http:\/\/www.calas-welt.de\/index.php?rest_route=\/wp\/v2\/posts"}],"about":[{"href":"http:\/\/www.calas-welt.de\/index.php?rest_route=\/wp\/v2\/types\/post"}],"author":[{"embeddable":true,"href":"http:\/\/www.calas-welt.de\/index.php?rest_route=\/wp\/v2\/users\/3"}],"replies":[{"embeddable":true,"href":"http:\/\/www.calas-welt.de\/index.php?rest_route=%2Fwp%2Fv2%2Fcomments&post=7991"}],"version-history":[{"count":1,"href":"http:\/\/www.calas-welt.de\/index.php?rest_route=\/wp\/v2\/posts\/7991\/revisions"}],"predecessor-version":[{"id":7995,"href":"http:\/\/www.calas-welt.de\/index.php?rest_route=\/wp\/v2\/posts\/7991\/revisions\/7995"}],"wp:attachment":[{"href":"http:\/\/www.calas-welt.de\/index.php?rest_route=%2Fwp%2Fv2%2Fmedia&parent=7991"}],"wp:term":[{"taxonomy":"category","embeddable":true,"href":"http:\/\/www.calas-welt.de\/index.php?rest_route=%2Fwp%2Fv2%2Fcategories&post=7991"},{"taxonomy":"post_tag","embeddable":true,"href":"http:\/\/www.calas-welt.de\/index.php?rest_route=%2Fwp%2Fv2%2Ftags&post=7991"}],"curies":[{"name":"wp","href":"https:\/\/api.w.org\/{rel}","templated":true}]}}